{"id":3886,"date":"2025-08-05T09:50:57","date_gmt":"2025-08-05T09:50:57","guid":{"rendered":"https:\/\/rcsyd.se\/swedeamp\/?p=3886"},"modified":"2025-08-06T09:01:12","modified_gmt":"2025-08-06T09:01:12","slug":"uppdaterad-swedeamp-data-hos-varden-i-siffror","status":"publish","type":"post","link":"https:\/\/rcsyd.se\/swedeamp\/blog\/nyheter\/uppdaterad-swedeamp-data-hos-varden-i-siffror","title":{"rendered":"Uppdaterad SwedeAmp-data hos V\u00e5rden i siffror"},"content":{"rendered":"<p>&nbsp;<\/p>\n<p><strong>Nu \u00e4r SwedeAmps (Amputations- och protesregister f\u00f6r nedre extremiteten) information hos V\u00e5rden i siffror uppdaterad med data som inkluderar verksamhets\u00e5ret 2024.<\/strong><\/p>\n<p>Hos V\u00e5rden i siffror har SwedeAmp tre kvalitetsindikatorer:<\/p>\n<ul>\n<li>Andel underbensamputationer<\/li>\n<li>Andel re-amputationer efter prim\u00e4r underbensamputation<\/li>\n<li>Tid fr\u00e5n underbensamputation till f\u00f6rsta protes<\/li>\n<\/ul>\n<p>Du kan f\u00f6lja hur dessa tre kvalitetsindikatorer utvecklats nationellt och f\u00f6r de verksamheter du \u00e4r intresserad av. Det finns \u00e4ven information om respektive kvalitetsindikator och vad man ska t\u00e4nka p\u00e5 n\u00e4r man tolkar resultaten.<\/p>\n<p><a href=\"https:\/\/vardenisiffror.se\/jamfor\/kallsystem\/f004d099-1b4d-4a72-b750-40514038f2ef\" target=\"_blank\" rel=\"noopener\">Klicka h\u00e4r f\u00f6r att komma till SwedeAmps kvalitetsindikatorer hos V\u00e5rden i siffror.<\/a><\/p>\n","protected":false},"excerpt":{"rendered":"<p>&nbsp; Nu \u00e4r SwedeAmps (Amputations- och protesregister f\u00f6r nedre extremiteten) information hos V\u00e5rden i siffror uppdaterad med data som inkluderar verksamhets\u00e5ret 2024. Hos V\u00e5rden i siffror har SwedeAmp tre kvalitetsindikatorer: Andel underbensamputationer Andel re-amputationer efter prim\u00e4r underbensamputation Tid fr\u00e5n underbensamputation till f\u00f6rsta protes Du kan f\u00f6lja hur dessa tre kvalitetsindikatorer utvecklats nationellt och f\u00f6r de&#8230; <a class=\"read-more\" href=\"https:\/\/rcsyd.se\/swedeamp\/blog\/nyheter\/uppdaterad-swedeamp-data-hos-varden-i-siffror\">L\u00e4s mer<\/a><\/p>\n","protected":false},"author":3,"featured_media":0,"comment_status":"open","ping_status":"open","sticky":false,"template":"","format":"standard","meta":{"_acf_changed":false,"footnotes":""},"categories":[1],"tags":[],"acf":[],"_links":{"self":[{"href":"https:\/\/rcsyd.se\/swedeamp\/wp-json\/wp\/v2\/posts\/3886"}],"collection":[{"href":"https:\/\/rcsyd.se\/swedeamp\/wp-json\/wp\/v2\/posts"}],"about":[{"href":"https:\/\/rcsyd.se\/swedeamp\/wp-json\/wp\/v2\/types\/post"}],"author":[{"embeddable":true,"href":"https:\/\/rcsyd.se\/swedeamp\/wp-json\/wp\/v2\/users\/3"}],"replies":[{"embeddable":true,"href":"https:\/\/rcsyd.se\/swedeamp\/wp-json\/wp\/v2\/comments?post=3886"}],"version-history":[{"count":2,"href":"https:\/\/rcsyd.se\/swedeamp\/wp-json\/wp\/v2\/posts\/3886\/revisions"}],"predecessor-version":[{"id":3894,"href":"https:\/\/rcsyd.se\/swedeamp\/wp-json\/wp\/v2\/posts\/3886\/revisions\/3894"}],"wp:attachment":[{"href":"https:\/\/rcsyd.se\/swedeamp\/wp-json\/wp\/v2\/media?parent=3886"}],"wp:term":[{"taxonomy":"category","embeddable":true,"href":"https:\/\/rcsyd.se\/swedeamp\/wp-json\/wp\/v2\/categories?post=3886"},{"taxonomy":"post_tag","embeddable":true,"href":"https:\/\/rcsyd.se\/swedeamp\/wp-json\/wp\/v2\/tags?post=3886"}],"curies":[{"name":"wp","href":"https:\/\/api.w.org\/{rel}","templated":true}]}}