{"id":1784,"date":"2019-09-03T13:50:00","date_gmt":"2019-09-03T13:50:00","guid":{"rendered":"https:\/\/rcsyd.se\/skrs\/?p=1784"},"modified":"2019-09-03T13:58:34","modified_gmt":"2019-09-03T13:58:34","slug":"hostens-forsta-styrgruppsmote","status":"publish","type":"post","link":"https:\/\/rcsyd.se\/skrs\/blog\/nyheter\/hostens-forsta-styrgruppsmote","title":{"rendered":"H\u00f6stens f\u00f6rsta styrgruppsm\u00f6te."},"content":{"rendered":"<p>Den 27 och 28 augusti tr\u00e4ffades hela styrgruppen p\u00e5 Syncentralen i Stockholm. Detta f\u00f6r att starta upp arbetet med SKRS efter sommaren.<\/p>\n<p>Under m\u00f6tet valdes Fanny Franz\u00e9n Petersson till ny Registerh\u00e5llare f\u00f6r SKRS. Anne Granath sitter fortsatt med i styrgruppen som styrgruppsmedlem.<br \/>\nAnnelie Lindberg tackades av efter m\u00e5nga \u00e5r i SKRS styrgrupp. Under h\u00f6sten f\u00e5r vi en ny styrgruppsmedlem i Emelie Lombard, kurator p\u00e5 synenheten, Region Sk\u00e5ne.<\/p>\n<p>Under m\u00f6tesdagarna tittade vi bl.a. \u00f6ver ekonomin. Vi resonerade kring de uppgifter som kommit in till registret. Innan sommaren gjorde vi ett utskick till alla registrerande enheter och efterfr\u00e5gade uppgifter om t\u00e4ckningsgraden. Det \u00e4r ytterst angel\u00e4get att vi kan redovisa t\u00e4ckningsgraden i SKRS och att vi kommer upp i en t\u00e4ckningsgrad p\u00e5 80 % inom tv\u00e5 \u00e5r. En fr\u00e5ga som vi alla kommer att f\u00e5 arbeta vidare med fram\u00f6ver.<\/p>\n<p>Vi fick en rapport fr\u00e5n Synenheterna i V\u00e4stra G\u00f6taland och Halland, pilotenheter som skattar uppsatta m\u00e5l i modulen. Synenheterna i V\u00e4stra G\u00f6taland har arbetat fram en skattningshj\u00e4lp enligt ICF som ska implementeras p\u00e5 Syncentralen Halland under h\u00f6sten.<\/p>\n<p>Vi h\u00e5ller p\u00e5 med f\u00f6rberedelser inf\u00f6r anv\u00e4ndarm\u00f6tet 16\/10. Se l\u00e4nken som ligger fr\u00e4mst p\u00e5 hemsidan.<\/p>\n<p>Den 29\/8 stannade en arbetsgrupp kvar i Stockholm och jobbade vidare med att utforma en KV\u00c5 lista med behandlande koder som vi gemensamt kan komma att anv\u00e4nda p\u00e5 synenheterna i Sverige fram\u00f6ver. Detta arbete p\u00e5g\u00e5r alltj\u00e4mt.<\/p>\n<p>Var uppm\u00e4rksam p\u00e5 f\u00f6r\u00e4ndringarna som gjorts i modulen. Utredande KV\u00c5 koder, samlingskoder f\u00f6r olika yrkesgrupper finns f\u00f6rvalda i modulen. Ett nytt bed\u00f6mningsinstrument (ICF) finns nu ocks\u00e5 f\u00f6rvalt. N\u00e4r en rehabiliteringsplan g\u00f6rs och registreras i modulen m\u00e5ste man g\u00f6ra ett aktivt val genom att ta bort bocken som finns i rutan `Ej utf\u00f6rd\u00b4, datum f\u00f6r IHP\/IRP blir d\u00e5 automatiskt ifylld med det datum som kartl\u00e4ggningsbes\u00f6ket p\u00e5b\u00f6rjats.<br \/>\nMer om detta st\u00e5r i anv\u00e4ndarmanualen som finns p\u00e5 hemsidan under fliken REGISTRERING\/ Anv\u00e4ndarmanual.<\/p>\n<p>Detta var en liten kort resum\u00e9 fr\u00e5n v\u00e5ra m\u00f6tesdagar\/Lotta<\/p>\n","protected":false},"excerpt":{"rendered":"<p>Den 27 och 28 augusti tr\u00e4ffades hela styrgruppen p\u00e5 Syncentralen i Stockholm. Detta f\u00f6r att starta upp arbetet med SKRS efter sommaren. Under m\u00f6tet valdes Fanny Franz\u00e9n Petersson till ny Registerh\u00e5llare f\u00f6r SKRS. Anne Granath sitter fortsatt med i styrgruppen som styrgruppsmedlem. Annelie Lindberg tackades av efter m\u00e5nga \u00e5r i SKRS styrgrupp. Under h\u00f6sten f\u00e5r&#8230; <a class=\"read-more\" href=\"https:\/\/rcsyd.se\/skrs\/blog\/nyheter\/hostens-forsta-styrgruppsmote\">L\u00e4s mer<\/a><\/p>\n","protected":false},"author":11,"featured_media":0,"comment_status":"open","ping_status":"open","sticky":false,"template":"","format":"standard","meta":{"_acf_changed":false,"footnotes":""},"categories":[1],"tags":[],"acf":[],"_links":{"self":[{"href":"https:\/\/rcsyd.se\/skrs\/wp-json\/wp\/v2\/posts\/1784"}],"collection":[{"href":"https:\/\/rcsyd.se\/skrs\/wp-json\/wp\/v2\/posts"}],"about":[{"href":"https:\/\/rcsyd.se\/skrs\/wp-json\/wp\/v2\/types\/post"}],"author":[{"embeddable":true,"href":"https:\/\/rcsyd.se\/skrs\/wp-json\/wp\/v2\/users\/11"}],"replies":[{"embeddable":true,"href":"https:\/\/rcsyd.se\/skrs\/wp-json\/wp\/v2\/comments?post=1784"}],"version-history":[{"count":1,"href":"https:\/\/rcsyd.se\/skrs\/wp-json\/wp\/v2\/posts\/1784\/revisions"}],"predecessor-version":[{"id":1785,"href":"https:\/\/rcsyd.se\/skrs\/wp-json\/wp\/v2\/posts\/1784\/revisions\/1785"}],"wp:attachment":[{"href":"https:\/\/rcsyd.se\/skrs\/wp-json\/wp\/v2\/media?parent=1784"}],"wp:term":[{"taxonomy":"category","embeddable":true,"href":"https:\/\/rcsyd.se\/skrs\/wp-json\/wp\/v2\/categories?post=1784"},{"taxonomy":"post_tag","embeddable":true,"href":"https:\/\/rcsyd.se\/skrs\/wp-json\/wp\/v2\/tags?post=1784"}],"curies":[{"name":"wp","href":"https:\/\/api.w.org\/{rel}","templated":true}]}}