{"id":1210,"date":"2017-05-08T12:41:21","date_gmt":"2017-05-08T12:41:21","guid":{"rendered":"https:\/\/rcsyd.se\/skrs\/?p=1210"},"modified":"2017-05-08T12:41:21","modified_gmt":"2017-05-08T12:41:21","slug":"mote-pa-boson","status":"publish","type":"post","link":"https:\/\/rcsyd.se\/skrs\/blog\/nyheter\/mote-pa-boson","title":{"rendered":"M\u00f6te p\u00e5 Bos\u00f6n"},"content":{"rendered":"<p><a href=\"https:\/\/rcsyd.se\/skrs\/wp-content\/uploads\/sites\/4\/2017\/05\/IMG_4681.jpg\"><img loading=\"lazy\" decoding=\"async\" class=\"aligncenter size-large wp-image-1212\" src=\"https:\/\/rcsyd.se\/skrs\/wp-content\/uploads\/sites\/4\/2017\/05\/IMG_4681-1024x768.jpg\" alt=\"\" width=\"640\" height=\"480\" srcset=\"https:\/\/rcsyd.se\/skrs\/wp-content\/uploads\/sites\/4\/2017\/05\/IMG_4681-1024x768.jpg 1024w, https:\/\/rcsyd.se\/skrs\/wp-content\/uploads\/sites\/4\/2017\/05\/IMG_4681-300x225.jpg 300w, https:\/\/rcsyd.se\/skrs\/wp-content\/uploads\/sites\/4\/2017\/05\/IMG_4681-768x576.jpg 768w\" sizes=\"(max-width: 640px) 100vw, 640px\" \/><\/a><\/p>\n<p><a href=\"https:\/\/rcsyd.se\/skrs\/wp-content\/uploads\/sites\/4\/2017\/05\/IMG_4681.jpg\">\u00a0<\/a><\/p>\n<p>Den 26 april hade vi en presentation om SKRS f\u00f6r Sveriges Syn-och d\u00f6vblindchefer.<br \/>\nVi gick igenom och visade hemsidan och de uppdaterade flikarna \u201d Om SKRS\u201d, \u201dFAQ\u201d och \u201dRegistrering\/ utbildning inom SKRS\u201d. Cheferna visade uppskattning f\u00f6r den uppdaterade dashboarden och utbildningsfilmerna. D\u00e4refter gjorde vi en kort tillbakablick till 2012 och utredningen av Socialstyrelsen om Synrehabiliteringen och sedan satte vi n\u00e4san fram\u00e5t och fr\u00e5gade oss, vart \u00e4r vi p\u00e5 v\u00e4g? Cheferna delades in i grupper f\u00f6r workshops f\u00f6r att reflektera och diskutera 2012 j\u00e4mf\u00f6rt med 2017 \u00e5rs synrehabilitering samt diskutera om vi beh\u00f6ver ytterligare en variabel i registret: m\u00e4ta effekten av v\u00e5ra insatser. Cheferna var v\u00e4ldigt enade i att vi beh\u00f6ver b\u00e5de en objektiv utv\u00e4rdering med evidensbaserade instrument men \u00e4ven en subjektiv, en \u201dSKRS brukarenk\u00e4t\u201d. Vi tar med f\u00f6rslagen till styrgruppen men det g\u00e5r bra att redan nu f\u00f6r cheferna att anm\u00e4la intresse f\u00f6r att ing\u00e5 i arbetsgrupp\/er f\u00f6r arbete med ny variabel\/ nya variabler.<br \/>\nStort tack till samtliga deltagande chefer f\u00f6r en fantastisk och utvecklande dag!<br \/>\nEva Kal\u00e9n och Anne Granath<\/p>\n","protected":false},"excerpt":{"rendered":"<p>\u00a0 Den 26 april hade vi en presentation om SKRS f\u00f6r Sveriges Syn-och d\u00f6vblindchefer. Vi gick igenom och visade hemsidan och de uppdaterade flikarna \u201d Om SKRS\u201d, \u201dFAQ\u201d och \u201dRegistrering\/ utbildning inom SKRS\u201d. Cheferna visade uppskattning f\u00f6r den uppdaterade dashboarden och utbildningsfilmerna. D\u00e4refter gjorde vi en kort tillbakablick till 2012 och utredningen av Socialstyrelsen om&#8230; <a class=\"read-more\" href=\"https:\/\/rcsyd.se\/skrs\/blog\/nyheter\/mote-pa-boson\">L\u00e4s mer<\/a><\/p>\n","protected":false},"author":11,"featured_media":0,"comment_status":"open","ping_status":"open","sticky":false,"template":"","format":"standard","meta":{"_acf_changed":false,"footnotes":""},"categories":[1],"tags":[],"acf":[],"_links":{"self":[{"href":"https:\/\/rcsyd.se\/skrs\/wp-json\/wp\/v2\/posts\/1210"}],"collection":[{"href":"https:\/\/rcsyd.se\/skrs\/wp-json\/wp\/v2\/posts"}],"about":[{"href":"https:\/\/rcsyd.se\/skrs\/wp-json\/wp\/v2\/types\/post"}],"author":[{"embeddable":true,"href":"https:\/\/rcsyd.se\/skrs\/wp-json\/wp\/v2\/users\/11"}],"replies":[{"embeddable":true,"href":"https:\/\/rcsyd.se\/skrs\/wp-json\/wp\/v2\/comments?post=1210"}],"version-history":[{"count":3,"href":"https:\/\/rcsyd.se\/skrs\/wp-json\/wp\/v2\/posts\/1210\/revisions"}],"predecessor-version":[{"id":1214,"href":"https:\/\/rcsyd.se\/skrs\/wp-json\/wp\/v2\/posts\/1210\/revisions\/1214"}],"wp:attachment":[{"href":"https:\/\/rcsyd.se\/skrs\/wp-json\/wp\/v2\/media?parent=1210"}],"wp:term":[{"taxonomy":"category","embeddable":true,"href":"https:\/\/rcsyd.se\/skrs\/wp-json\/wp\/v2\/categories?post=1210"},{"taxonomy":"post_tag","embeddable":true,"href":"https:\/\/rcsyd.se\/skrs\/wp-json\/wp\/v2\/tags?post=1210"}],"curies":[{"name":"wp","href":"https:\/\/api.w.org\/{rel}","templated":true}]}}