{"id":858,"date":"2015-11-02T12:25:19","date_gmt":"2015-11-02T12:25:19","guid":{"rendered":"https:\/\/rcsyd.se\/pecare\/?p=858"},"modified":"2024-02-21T13:22:54","modified_gmt":"2024-02-21T13:22:54","slug":"anvandarmote-delregistret-pecare","status":"publish","type":"post","link":"https:\/\/rcsyd.se\/pecare\/blog\/nyheter\/anvandarmote-delregistret-pecare","title":{"rendered":"Anv\u00e4ndarm\u00f6te delregistret PECARE"},"content":{"rendered":"<p>&nbsp;<\/p>\n<p><strong>I november arrangerar Nationella Kataraktregistrets delregister f\u00f6r barnkatarakt, PECARE (The Pediatric Cataract Register) anv\u00e4ndarm\u00f6te.<\/strong><\/p>\n<p><b>Plats:\u00a0<\/b>L\u00e4kars\u00e4llskapet Stockholm<br \/>\n<strong>Datum<\/strong>: 5 november 2015<\/p>\n","protected":false},"excerpt":{"rendered":"<p>&nbsp; I november arrangerar Nationella Kataraktregistrets delregister f\u00f6r barnkatarakt, PECARE (The Pediatric Cataract Register) anv\u00e4ndarm\u00f6te. Plats:\u00a0L\u00e4kars\u00e4llskapet Stockholm Datum: 5 november 2015<\/p>\n","protected":false},"author":3,"featured_media":0,"comment_status":"open","ping_status":"open","sticky":false,"template":"","format":"standard","meta":{"_acf_changed":false,"footnotes":""},"categories":[6],"tags":[],"acf":[],"_links":{"self":[{"href":"https:\/\/rcsyd.se\/pecare\/wp-json\/wp\/v2\/posts\/858"}],"collection":[{"href":"https:\/\/rcsyd.se\/pecare\/wp-json\/wp\/v2\/posts"}],"about":[{"href":"https:\/\/rcsyd.se\/pecare\/wp-json\/wp\/v2\/types\/post"}],"author":[{"embeddable":true,"href":"https:\/\/rcsyd.se\/pecare\/wp-json\/wp\/v2\/users\/3"}],"replies":[{"embeddable":true,"href":"https:\/\/rcsyd.se\/pecare\/wp-json\/wp\/v2\/comments?post=858"}],"version-history":[{"count":4,"href":"https:\/\/rcsyd.se\/pecare\/wp-json\/wp\/v2\/posts\/858\/revisions"}],"predecessor-version":[{"id":1801,"href":"https:\/\/rcsyd.se\/pecare\/wp-json\/wp\/v2\/posts\/858\/revisions\/1801"}],"wp:attachment":[{"href":"https:\/\/rcsyd.se\/pecare\/wp-json\/wp\/v2\/media?parent=858"}],"wp:term":[{"taxonomy":"category","embeddable":true,"href":"https:\/\/rcsyd.se\/pecare\/wp-json\/wp\/v2\/categories?post=858"},{"taxonomy":"post_tag","embeddable":true,"href":"https:\/\/rcsyd.se\/pecare\/wp-json\/wp\/v2\/tags?post=858"}],"curies":[{"name":"wp","href":"https:\/\/api.w.org\/{rel}","templated":true}]}}