{"id":1690,"date":"2023-05-22T08:31:07","date_gmt":"2023-05-22T08:31:07","guid":{"rendered":"https:\/\/rcsyd.se\/pecare\/?p=1690"},"modified":"2023-05-22T08:38:26","modified_gmt":"2023-05-22T08:38:26","slug":"1-000-barn-jubileum","status":"publish","type":"post","link":"https:\/\/rcsyd.se\/pecare\/blog\/nyheter\/1-000-barn-jubileum","title":{"rendered":"1 000 barn-jubileum"},"content":{"rendered":"<p>H\u00e4rmed inbjuds ni som m\u00f6ter barn med katarakt till en utbildningsdag med avslutande anv\u00e4ndarm\u00f6te f\u00f6r PECARE. Temat \u00e4r \u201d1000 barn senare \u2013 vad har vi l\u00e4rt oss?\u201d. Styrgruppen, andra f\u00f6rel\u00e4sare och patientf\u00f6r\u00e4ldrar medverkar och forskning kring patientupplevelse kommer att belysas.<\/p>\n<p><strong>Tid:<\/strong> 7 december 2023 klockan 10.00\u201316.00.<\/p>\n<p><strong>Plats:<\/strong> L\u00e4kares\u00e4llskapets hus, Klara \u00d6stra kyrkogata 10, Stockholm.<\/p>\n<p><strong>Kostnad:<\/strong> M\u00f6tet \u00e4r kostnadsfritt. Vi bjuder p\u00e5 fika, lunch erbjuds till sj\u00e4lvkostnadspris (ca 250 inkluderat f\u00f6r-och huvudr\u00e4tt med kaffe ) i lokalens restaurang, som betalas p\u00e5 plats med swish eller betalkort. Eventuella kostnader f\u00f6r resor och boende bekostas av deltagarna.<\/p>\n<p><strong>Program:<br \/>\n<\/strong><a href=\"https:\/\/rcsyd.se\/pecare\/wp-content\/uploads\/sites\/8\/2023\/05\/Program.pdf\" target=\"_blank\" rel=\"noopener\">Klicka h\u00e4r f\u00f6r att<\/a><a href=\"https:\/\/rcsyd.se\/pecare\/wp-content\/uploads\/sites\/8\/2023\/05\/Program.pdf\" target=\"_blank\" rel=\"noopener\"> ladd<\/a><a href=\"https:\/\/rcsyd.se\/pecare\/wp-content\/uploads\/sites\/8\/2023\/05\/Program.pdf\" target=\"_blank\" rel=\"noopener\">a<\/a><a href=\"https:\/\/rcsyd.se\/pecare\/wp-content\/uploads\/sites\/8\/2023\/05\/Program.pdf\" target=\"_blank\" rel=\"noopener\"> ned program<\/a><strong><br \/>\n<\/strong><\/p>\n<p><strong>Anm\u00e4lan:<\/strong> Senast den 7 oktober 2023.<br \/>\n<a href=\"https:\/\/esmaker.net\/nx2\/s.aspx?id=2f04689b5303\" target=\"_blank\" rel=\"noopener\">Klicka h\u00e4r f\u00f6r att komma till anm\u00e4lan<\/a><\/p>\n<p>&nbsp;<\/p>\n","protected":false},"excerpt":{"rendered":"<p>H\u00e4rmed inbjuds ni som m\u00f6ter barn med katarakt till en utbildningsdag med avslutande anv\u00e4ndarm\u00f6te f\u00f6r PECARE. Temat \u00e4r \u201d1000 barn senare \u2013 vad har vi l\u00e4rt oss?\u201d. Styrgruppen, andra f\u00f6rel\u00e4sare och patientf\u00f6r\u00e4ldrar medverkar och forskning kring patientupplevelse kommer att belysas. Tid: 7 december 2023 klockan 10.00\u201316.00. Plats: L\u00e4kares\u00e4llskapets hus, Klara \u00d6stra kyrkogata 10, Stockholm. Kostnad:&#8230; <a class=\"read-more\" href=\"https:\/\/rcsyd.se\/pecare\/blog\/nyheter\/1-000-barn-jubileum\">L\u00e4s mer<\/a><\/p>\n","protected":false},"author":3,"featured_media":0,"comment_status":"open","ping_status":"open","sticky":false,"template":"","format":"standard","meta":{"_acf_changed":false,"footnotes":""},"categories":[6],"tags":[],"acf":[],"_links":{"self":[{"href":"https:\/\/rcsyd.se\/pecare\/wp-json\/wp\/v2\/posts\/1690"}],"collection":[{"href":"https:\/\/rcsyd.se\/pecare\/wp-json\/wp\/v2\/posts"}],"about":[{"href":"https:\/\/rcsyd.se\/pecare\/wp-json\/wp\/v2\/types\/post"}],"author":[{"embeddable":true,"href":"https:\/\/rcsyd.se\/pecare\/wp-json\/wp\/v2\/users\/3"}],"replies":[{"embeddable":true,"href":"https:\/\/rcsyd.se\/pecare\/wp-json\/wp\/v2\/comments?post=1690"}],"version-history":[{"count":6,"href":"https:\/\/rcsyd.se\/pecare\/wp-json\/wp\/v2\/posts\/1690\/revisions"}],"predecessor-version":[{"id":1698,"href":"https:\/\/rcsyd.se\/pecare\/wp-json\/wp\/v2\/posts\/1690\/revisions\/1698"}],"wp:attachment":[{"href":"https:\/\/rcsyd.se\/pecare\/wp-json\/wp\/v2\/media?parent=1690"}],"wp:term":[{"taxonomy":"category","embeddable":true,"href":"https:\/\/rcsyd.se\/pecare\/wp-json\/wp\/v2\/categories?post=1690"},{"taxonomy":"post_tag","embeddable":true,"href":"https:\/\/rcsyd.se\/pecare\/wp-json\/wp\/v2\/tags?post=1690"}],"curies":[{"name":"wp","href":"https:\/\/api.w.org\/{rel}","templated":true}]}}