{"id":3306,"date":"2024-06-20T14:23:35","date_gmt":"2024-06-20T14:23:35","guid":{"rendered":"https:\/\/rcsyd.se\/ambureg\/?p=3306"},"modified":"2024-09-03T13:29:23","modified_gmt":"2024-09-03T13:29:23","slug":"infor-anvandarmote-i-ambulansregistret-2024","status":"publish","type":"post","link":"https:\/\/rcsyd.se\/ambureg\/blog\/nyheter\/infor-anvandarmote-i-ambulansregistret-2024","title":{"rendered":"Inf\u00f6r anv\u00e4ndarm\u00f6te i Ambulansregistret 2024"},"content":{"rendered":"<p>&nbsp;<\/p>\n<p><strong>Tid och plats f\u00f6r h\u00f6stens anv\u00e4ndarm\u00f6te i AmbuReg (Ambulansregistret) \u00e4r nu satt.<\/strong><\/p>\n<h3>Tid och plats<\/h3>\n<p>Datum: Den 16 september<\/p>\n<p>Tid: 13:00\u201317:00 (Flisa bjuder p\u00e5 lunch fr\u00e5n 12:00)<\/p>\n<p>Plats: Kalmarsalen, Kalmar<\/p>\n<h3>Program<\/h3>\n<p>Programmet kommer att inneh\u00e5lla bland annat f\u00f6ljande \u00e4mnen:<\/p>\n<ul>\n<li>Presentation av 2023 \u00e5rs data och erfarenheter<\/li>\n<li>Presentation av AmbuRegs dashboard och visualisering, betaversion<\/li>\n<li>Sm\u00e4rtskattning och behandling inom svensk ambulanssjukv\u00e5rd, registerstudie baserad p\u00e5 AmbuReg, Kristoffer Wibring, Region Halland<\/li>\n<li>Utfallsdata fr\u00e5n regioner till AmbuReg \u2013 nationell modell baserat p\u00e5 projekt med Region V\u00e4rmland<\/li>\n<li>Automatisk informationsf\u00f6rs\u00f6rjning till AmbuReg \u2013 pilotf\u00f6rs\u00f6k med Region V\u00e4stra G\u00f6taland, Carl Magnusson, Glenn Larsson<\/li>\n<li>Diskussion kring hur vi g\u00e5r vidare med AmbuReg \u2013 nya kvalitetsindikatorer<\/li>\n<\/ul>\n<p>F\u00f6r den som inte deltog p\u00e5 f\u00f6rra \u00e5rets m\u00f6te eller vill ha en liten repetition finns en sammanfattande nyhet som skrevs n\u00e4r det begav sig.<br \/>\n<a href=\"https:\/\/rcsyd.se\/ambureg\/blog\/nyheter\/rapport-fran-amburegs-anvandarmote-2023\">Klicka h\u00e4r f\u00f6r att l\u00e4sa nyheten om f\u00f6rra \u00e5rets anv\u00e4ndarm\u00f6te<\/a>.<\/p>\n<p>Inbjudan med anm\u00e4lningsl\u00e4nk har s\u00e4nts ut till ber\u00f6rda. Sista anm\u00e4lningsdag \u00e4r <strong>den 12 september<\/strong>.<\/p>\n<p>Har du inte f\u00e5tt inbjudan och vet med dig att du borde f\u00e5tt den? Kontakta <a href=\"mailto:glenn.larsson@lindholmen.se\">glenn.larsson@lindholmen.se<\/a>.<\/p>\n","protected":false},"excerpt":{"rendered":"<p>&nbsp; Tid och plats f\u00f6r h\u00f6stens anv\u00e4ndarm\u00f6te i AmbuReg (Ambulansregistret) \u00e4r nu satt. Tid och plats Datum: Den 16 september Tid: 13:00\u201317:00 (Flisa bjuder p\u00e5 lunch fr\u00e5n 12:00) Plats: Kalmarsalen, Kalmar Program Programmet kommer att inneh\u00e5lla bland annat f\u00f6ljande \u00e4mnen: Presentation av 2023 \u00e5rs data och erfarenheter Presentation av AmbuRegs dashboard och visualisering, betaversion Sm\u00e4rtskattning&#8230; <a class=\"read-more\" href=\"https:\/\/rcsyd.se\/ambureg\/blog\/nyheter\/infor-anvandarmote-i-ambulansregistret-2024\">L\u00e4s mer<\/a><\/p>\n","protected":false},"author":3,"featured_media":0,"comment_status":"open","ping_status":"open","sticky":false,"template":"","format":"standard","meta":{"_acf_changed":false,"footnotes":""},"categories":[1],"tags":[],"acf":[],"_links":{"self":[{"href":"https:\/\/rcsyd.se\/ambureg\/wp-json\/wp\/v2\/posts\/3306"}],"collection":[{"href":"https:\/\/rcsyd.se\/ambureg\/wp-json\/wp\/v2\/posts"}],"about":[{"href":"https:\/\/rcsyd.se\/ambureg\/wp-json\/wp\/v2\/types\/post"}],"author":[{"embeddable":true,"href":"https:\/\/rcsyd.se\/ambureg\/wp-json\/wp\/v2\/users\/3"}],"replies":[{"embeddable":true,"href":"https:\/\/rcsyd.se\/ambureg\/wp-json\/wp\/v2\/comments?post=3306"}],"version-history":[{"count":8,"href":"https:\/\/rcsyd.se\/ambureg\/wp-json\/wp\/v2\/posts\/3306\/revisions"}],"predecessor-version":[{"id":3317,"href":"https:\/\/rcsyd.se\/ambureg\/wp-json\/wp\/v2\/posts\/3306\/revisions\/3317"}],"wp:attachment":[{"href":"https:\/\/rcsyd.se\/ambureg\/wp-json\/wp\/v2\/media?parent=3306"}],"wp:term":[{"taxonomy":"category","embeddable":true,"href":"https:\/\/rcsyd.se\/ambureg\/wp-json\/wp\/v2\/categories?post=3306"},{"taxonomy":"post_tag","embeddable":true,"href":"https:\/\/rcsyd.se\/ambureg\/wp-json\/wp\/v2\/tags?post=3306"}],"curies":[{"name":"wp","href":"https:\/\/api.w.org\/{rel}","templated":true}]}}