{"id":3104,"date":"2023-05-23T07:58:41","date_gmt":"2023-05-23T07:58:41","guid":{"rendered":"https:\/\/rcsyd.se\/ambureg\/?p=3104"},"modified":"2023-10-03T13:50:49","modified_gmt":"2023-10-03T13:50:49","slug":"nasta-anvandarmote-i-ambulansregistret","status":"publish","type":"post","link":"https:\/\/rcsyd.se\/ambureg\/blog\/nyheter\/nasta-anvandarmote-i-ambulansregistret","title":{"rendered":"N\u00e4sta anv\u00e4ndarm\u00f6te i Ambulansregistret"},"content":{"rendered":"<p>&nbsp;<\/p>\n<p><strong>Tid och plats f\u00f6r h\u00f6stens anv\u00e4ndarm\u00f6te i AmbuReg (Ambulansregistret) \u00e4r nu satt.<\/strong><\/p>\n<h3>Tid och plats<\/h3>\n<p>Datum: Den 19 oktober<\/p>\n<p>Tid: 10:00\u201316:00<\/p>\n<p>Plats: Lindholmen Science Park, G\u00f6teborg<\/p>\n<h3>Program<\/h3>\n<p>Programmet kommer att inneh\u00e5lla liknande \u00e4mnen som f\u00f6reg\u00e5ende \u00e5r med uppdateringar om vad som h\u00e4nt sedan sist och hur arbetet fram\u00e5t ser ut.<\/p>\n<p>F\u00f6r den som inte deltog p\u00e5 f\u00f6rra \u00e5rets m\u00f6te eller vill ha en liten repetition finns en sammanfattande nyhet som skrevs n\u00e4r det begav sig.<br \/>\n<a href=\"https:\/\/rcsyd.se\/ambureg\/blog\/nyheter\/rapport-fran-arets-anvandarmote\">Klicka h\u00e4r f\u00f6r att l\u00e4sa nyheten om f\u00f6rra \u00e5rets anv\u00e4ndarm\u00f6te<\/a>.<\/p>\n<p>Inbjudan med anm\u00e4lningsl\u00e4nk har s\u00e4nts ut till ber\u00f6rda. Sista anm\u00e4lningsdag \u00e4r <strong>den 13 oktober<\/strong>.<\/p>\n","protected":false},"excerpt":{"rendered":"<p>&nbsp; Tid och plats f\u00f6r h\u00f6stens anv\u00e4ndarm\u00f6te i AmbuReg (Ambulansregistret) \u00e4r nu satt. Tid och plats Datum: Den 19 oktober Tid: 10:00\u201316:00 Plats: Lindholmen Science Park, G\u00f6teborg Program Programmet kommer att inneh\u00e5lla liknande \u00e4mnen som f\u00f6reg\u00e5ende \u00e5r med uppdateringar om vad som h\u00e4nt sedan sist och hur arbetet fram\u00e5t ser ut. F\u00f6r den som inte&#8230; <a class=\"read-more\" href=\"https:\/\/rcsyd.se\/ambureg\/blog\/nyheter\/nasta-anvandarmote-i-ambulansregistret\">L\u00e4s mer<\/a><\/p>\n","protected":false},"author":3,"featured_media":0,"comment_status":"open","ping_status":"open","sticky":false,"template":"","format":"standard","meta":{"_acf_changed":false,"footnotes":""},"categories":[1],"tags":[],"acf":[],"_links":{"self":[{"href":"https:\/\/rcsyd.se\/ambureg\/wp-json\/wp\/v2\/posts\/3104"}],"collection":[{"href":"https:\/\/rcsyd.se\/ambureg\/wp-json\/wp\/v2\/posts"}],"about":[{"href":"https:\/\/rcsyd.se\/ambureg\/wp-json\/wp\/v2\/types\/post"}],"author":[{"embeddable":true,"href":"https:\/\/rcsyd.se\/ambureg\/wp-json\/wp\/v2\/users\/3"}],"replies":[{"embeddable":true,"href":"https:\/\/rcsyd.se\/ambureg\/wp-json\/wp\/v2\/comments?post=3104"}],"version-history":[{"count":6,"href":"https:\/\/rcsyd.se\/ambureg\/wp-json\/wp\/v2\/posts\/3104\/revisions"}],"predecessor-version":[{"id":3134,"href":"https:\/\/rcsyd.se\/ambureg\/wp-json\/wp\/v2\/posts\/3104\/revisions\/3134"}],"wp:attachment":[{"href":"https:\/\/rcsyd.se\/ambureg\/wp-json\/wp\/v2\/media?parent=3104"}],"wp:term":[{"taxonomy":"category","embeddable":true,"href":"https:\/\/rcsyd.se\/ambureg\/wp-json\/wp\/v2\/categories?post=3104"},{"taxonomy":"post_tag","embeddable":true,"href":"https:\/\/rcsyd.se\/ambureg\/wp-json\/wp\/v2\/tags?post=3104"}],"curies":[{"name":"wp","href":"https:\/\/api.w.org\/{rel}","templated":true}]}}