{"id":3090,"date":"2023-03-02T14:58:39","date_gmt":"2023-03-02T14:58:39","guid":{"rendered":"https:\/\/rcsyd.se\/ambureg\/?p=3090"},"modified":"2023-03-02T14:58:39","modified_gmt":"2023-03-02T14:58:39","slug":"amburegs-betydelse-lyfts-fram-i-uppfoljande-artikel-om-kartlaggning-av-svensk-ambulanssjukvard","status":"publish","type":"post","link":"https:\/\/rcsyd.se\/ambureg\/blog\/nyheter\/amburegs-betydelse-lyfts-fram-i-uppfoljande-artikel-om-kartlaggning-av-svensk-ambulanssjukvard","title":{"rendered":"AmbuRegs betydelse lyfts fram i uppf\u00f6ljande artikel om kartl\u00e4ggning av svensk ambulanssjukv\u00e5rd"},"content":{"rendered":"<div class=\"entry-content\">\n<p>&nbsp;<\/p>\n<p><strong>Socialstyrelsen publicerade nyligen en rapport som kartl\u00e4gger ambulanssjukv\u00e5rden i Sverige. Rapporten v\u00e4lkomnas av tv\u00e5 \u00f6verl\u00e4kare som har l\u00e5ng erfarenhet av medicinskt ledningsansvar f\u00f6r ambulanssjukv\u00e5rd och \u00e4r ordf\u00f6rande f\u00f6r tv\u00e5 ber\u00f6rda f\u00f6reningar. Bland annat pekar de p\u00e5 vikten av att ha ett nationellt ambulansregister och ser rapporten som ett viktigt f\u00f6rsta steg i att belysa bristerna inom ambulanssjukv\u00e5rden.<br \/>\n<\/strong><\/p>\n<p>L\u00e4kartidningen har f\u00f6ljt upp sin tidigare publicerade artikel om Socialstyrelsens kartl\u00e4ggning av ambulanssjukv\u00e5rden. I den nya artikeln ber\u00e4ttar \u00f6verl\u00e4karna Maria Janson, ordf\u00f6rande f\u00f6r Flisa (F\u00f6reningen f\u00f6r Ledningsansvariga Inom Svensk Ambulanssjukv\u00e5rd), och Annika \u00c5str\u00f6m Victor\u00e9n, ordf\u00f6rande f\u00f6r SLAS (Sveriges Ledningsansvariga Ambulansl\u00e4kare i Samverkan), om hur de ser p\u00e5 rapporten.<br \/>\nUt\u00f6ver att peka p\u00e5 vikten av nationella m\u00e5l f\u00f6r ambulanssjukv\u00e5rden lyfter de bland annat \u00e4ven fram Ambulansregistret:<\/p>\n<p>&#8221;Vidare \u00e4r ett nationellt kvalitetsregister f\u00f6r ambulanssjukv\u00e5rden n\u00f6dv\u00e4ndigt f\u00f6r nationell uppf\u00f6ljning och kvalitetss\u00e4kring. Detta arbete p\u00e5b\u00f6rjades 2016 och samtliga 21 regioner \u00e4r anslutna till det svenska ambulansregistret, AmbuReg, som Flisa driver och utvecklar tillsammans med Prehospen och H\u00f6gskolan Bor\u00e5s.&#8221;<\/p>\n<p><a href=\"https:\/\/lakartidningen.se\/aktuellt\/nyheter\/2023\/02\/efter-rapport-vi-vill-ha-nationella-mal-for-ambulanssjukvarden\/\" target=\"_blank\" rel=\"noopener\">Klicka h\u00e4r f\u00f6r att komma till artikeln i sin helhet<\/a>.<\/p>\n<p>&nbsp;<\/p>\n<\/div>\n","protected":false},"excerpt":{"rendered":"<p>&nbsp; Socialstyrelsen publicerade nyligen en rapport som kartl\u00e4gger ambulanssjukv\u00e5rden i Sverige. Rapporten v\u00e4lkomnas av tv\u00e5 \u00f6verl\u00e4kare som har l\u00e5ng erfarenhet av medicinskt ledningsansvar f\u00f6r ambulanssjukv\u00e5rd och \u00e4r ordf\u00f6rande f\u00f6r tv\u00e5 ber\u00f6rda f\u00f6reningar. Bland annat pekar de p\u00e5 vikten av att ha ett nationellt ambulansregister och ser rapporten som ett viktigt f\u00f6rsta steg i att belysa&#8230; <a class=\"read-more\" href=\"https:\/\/rcsyd.se\/ambureg\/blog\/nyheter\/amburegs-betydelse-lyfts-fram-i-uppfoljande-artikel-om-kartlaggning-av-svensk-ambulanssjukvard\">L\u00e4s mer<\/a><\/p>\n","protected":false},"author":3,"featured_media":0,"comment_status":"open","ping_status":"open","sticky":false,"template":"","format":"standard","meta":{"_acf_changed":false,"footnotes":""},"categories":[1],"tags":[],"acf":[],"_links":{"self":[{"href":"https:\/\/rcsyd.se\/ambureg\/wp-json\/wp\/v2\/posts\/3090"}],"collection":[{"href":"https:\/\/rcsyd.se\/ambureg\/wp-json\/wp\/v2\/posts"}],"about":[{"href":"https:\/\/rcsyd.se\/ambureg\/wp-json\/wp\/v2\/types\/post"}],"author":[{"embeddable":true,"href":"https:\/\/rcsyd.se\/ambureg\/wp-json\/wp\/v2\/users\/3"}],"replies":[{"embeddable":true,"href":"https:\/\/rcsyd.se\/ambureg\/wp-json\/wp\/v2\/comments?post=3090"}],"version-history":[{"count":3,"href":"https:\/\/rcsyd.se\/ambureg\/wp-json\/wp\/v2\/posts\/3090\/revisions"}],"predecessor-version":[{"id":3093,"href":"https:\/\/rcsyd.se\/ambureg\/wp-json\/wp\/v2\/posts\/3090\/revisions\/3093"}],"wp:attachment":[{"href":"https:\/\/rcsyd.se\/ambureg\/wp-json\/wp\/v2\/media?parent=3090"}],"wp:term":[{"taxonomy":"category","embeddable":true,"href":"https:\/\/rcsyd.se\/ambureg\/wp-json\/wp\/v2\/categories?post=3090"},{"taxonomy":"post_tag","embeddable":true,"href":"https:\/\/rcsyd.se\/ambureg\/wp-json\/wp\/v2\/tags?post=3090"}],"curies":[{"name":"wp","href":"https:\/\/api.w.org\/{rel}","templated":true}]}}