{"id":3055,"date":"2022-12-16T13:14:53","date_gmt":"2022-12-16T13:14:53","guid":{"rendered":"https:\/\/rcsyd.se\/ambureg\/?p=3055"},"modified":"2022-12-16T13:26:31","modified_gmt":"2022-12-16T13:26:31","slug":"presentation-fran-verksamhetschefnatverket-tillganglig","status":"publish","type":"post","link":"https:\/\/rcsyd.se\/ambureg\/blog\/nyheter\/presentation-fran-verksamhetschefnatverket-tillganglig","title":{"rendered":"Presentation fr\u00e5n verksamhetschefn\u00e4tverket tillg\u00e4nglig"},"content":{"rendered":"<p>&nbsp;<\/p>\n<p><strong>H\u00e5kan Klementssons presentation fr\u00e5n SKR:s (Sveriges Kommuner och Regioner) n\u00e4tverksm\u00f6te f\u00f6r ambulanssjukv\u00e5rdsansvariga den 24 november \u00e4r nu tillg\u00e4nglig f\u00f6r nedladdning.<\/strong><\/p>\n<p>Den 24 november hade <abbr title=\"Sveriges Kommuner och Regioner\">SKR<\/abbr>:s n\u00e4tverk f\u00f6r ambulanssjukv\u00e5rdsansvariga ett m\u00f6te d\u00e4r bland annat Ambulansregistrets styrgruppsmedlem H\u00e5kan Klementsson deltog.<br \/>\nP\u00e5 m\u00f6tet ber\u00e4ttade H\u00e5kan om registret och visade en presentation som tog upp bland annat datainsamling och kvalitetsindikatorer. Presentationen finns nu tillg\u00e4nglig f\u00f6r nedladdning.<\/p>\n<p><a href=\"https:\/\/rcsyd.se\/ambureg\/wp-content\/uploads\/sites\/16\/2022\/12\/Presentation-fran-verksamhetschefnatverket-221124.pdf\" target=\"_blank\" rel=\"noopener\">Klicka h\u00e4r f\u00f6r att ladda ner presentationen<\/a> (PDF-format, 5 MB).<\/p>\n","protected":false},"excerpt":{"rendered":"<p>&nbsp; H\u00e5kan Klementssons presentation fr\u00e5n SKR:s (Sveriges Kommuner och Regioner) n\u00e4tverksm\u00f6te f\u00f6r ambulanssjukv\u00e5rdsansvariga den 24 november \u00e4r nu tillg\u00e4nglig f\u00f6r nedladdning. Den 24 november hade SKR:s n\u00e4tverk f\u00f6r ambulanssjukv\u00e5rdsansvariga ett m\u00f6te d\u00e4r bland annat Ambulansregistrets styrgruppsmedlem H\u00e5kan Klementsson deltog. P\u00e5 m\u00f6tet ber\u00e4ttade H\u00e5kan om registret och visade en presentation som tog upp bland annat datainsamling&#8230; <a class=\"read-more\" href=\"https:\/\/rcsyd.se\/ambureg\/blog\/nyheter\/presentation-fran-verksamhetschefnatverket-tillganglig\">L\u00e4s mer<\/a><\/p>\n","protected":false},"author":3,"featured_media":0,"comment_status":"open","ping_status":"open","sticky":false,"template":"","format":"standard","meta":{"_acf_changed":false,"footnotes":""},"categories":[1],"tags":[],"acf":[],"_links":{"self":[{"href":"https:\/\/rcsyd.se\/ambureg\/wp-json\/wp\/v2\/posts\/3055"}],"collection":[{"href":"https:\/\/rcsyd.se\/ambureg\/wp-json\/wp\/v2\/posts"}],"about":[{"href":"https:\/\/rcsyd.se\/ambureg\/wp-json\/wp\/v2\/types\/post"}],"author":[{"embeddable":true,"href":"https:\/\/rcsyd.se\/ambureg\/wp-json\/wp\/v2\/users\/3"}],"replies":[{"embeddable":true,"href":"https:\/\/rcsyd.se\/ambureg\/wp-json\/wp\/v2\/comments?post=3055"}],"version-history":[{"count":4,"href":"https:\/\/rcsyd.se\/ambureg\/wp-json\/wp\/v2\/posts\/3055\/revisions"}],"predecessor-version":[{"id":3066,"href":"https:\/\/rcsyd.se\/ambureg\/wp-json\/wp\/v2\/posts\/3055\/revisions\/3066"}],"wp:attachment":[{"href":"https:\/\/rcsyd.se\/ambureg\/wp-json\/wp\/v2\/media?parent=3055"}],"wp:term":[{"taxonomy":"category","embeddable":true,"href":"https:\/\/rcsyd.se\/ambureg\/wp-json\/wp\/v2\/categories?post=3055"},{"taxonomy":"post_tag","embeddable":true,"href":"https:\/\/rcsyd.se\/ambureg\/wp-json\/wp\/v2\/tags?post=3055"}],"curies":[{"name":"wp","href":"https:\/\/api.w.org\/{rel}","templated":true}]}}