{"id":2918,"date":"2022-10-25T13:48:24","date_gmt":"2022-10-25T13:48:24","guid":{"rendered":"https:\/\/rcsyd.se\/ambureg\/?p=2918"},"modified":"2025-10-24T10:13:36","modified_gmt":"2025-10-24T10:13:36","slug":"rapport-fran-arets-anvandarmote","status":"publish","type":"post","link":"https:\/\/rcsyd.se\/ambureg\/blog\/nyheter\/rapport-fran-arets-anvandarmote","title":{"rendered":"Rapport fr\u00e5n \u00e5rets anv\u00e4ndarm\u00f6te"},"content":{"rendered":"<p>&nbsp;<\/p>\n<p><strong>Den 13 oktober h\u00f6lls \u00e5rets anv\u00e4ndarm\u00f6te f\u00f6r AmbuReg (Ambulansregistret). M\u00f6tet \u00e4gde rum i G\u00f6teborg och samlade 30-talet deltagare. \u00c4mnen p\u00e5 agendan var bland annat <em>Erfarenheter av andra kvalitetsregister<\/em> och <em>Presentation av 2021 \u00e5rs data<\/em>.<\/strong><\/p>\n<p>P\u00e5 Lindholmen Science Park i G\u00f6teborg samlades torsdagen den 13 oktober cirka 30 deltagare plus representanter f\u00f6r AmbuReg f\u00f6r \u00e5rets anv\u00e4ndarm\u00f6te.<br \/>\nEfter frukostfika och v\u00e4lkomnande av Glenn Larsson och H\u00e5kan Klementsson fr\u00e5n AmbuRegs styrgrupp inleddes dagens f\u00f6rel\u00e4sningar.<\/p>\n<figure id=\"attachment_2923\" aria-describedby=\"caption-attachment-2923\" style=\"width: 640px\" class=\"wp-caption aligncenter\"><a href=\"https:\/\/rcsyd.se\/ambureg\/wp-content\/uploads\/sites\/16\/2022\/10\/Anvandarmote-2-deltagare-221013-scaled.jpg\"><img loading=\"lazy\" decoding=\"async\" class=\"wp-image-2923 size-large\" src=\"https:\/\/rcsyd.se\/ambureg\/wp-content\/uploads\/sites\/16\/2022\/10\/Anvandarmote-2-deltagare-221013-1024x704.jpg\" alt=\"Deltagarna p\u00e5 Ambulansregistrets anv\u00e4ndarm\u00f6te 2022.\" width=\"640\" height=\"440\" srcset=\"https:\/\/rcsyd.se\/ambureg\/wp-content\/uploads\/sites\/16\/2022\/10\/Anvandarmote-2-deltagare-221013-1024x704.jpg 1024w, https:\/\/rcsyd.se\/ambureg\/wp-content\/uploads\/sites\/16\/2022\/10\/Anvandarmote-2-deltagare-221013-300x206.jpg 300w, https:\/\/rcsyd.se\/ambureg\/wp-content\/uploads\/sites\/16\/2022\/10\/Anvandarmote-2-deltagare-221013-768x528.jpg 768w, https:\/\/rcsyd.se\/ambureg\/wp-content\/uploads\/sites\/16\/2022\/10\/Anvandarmote-2-deltagare-221013-1536x1056.jpg 1536w, https:\/\/rcsyd.se\/ambureg\/wp-content\/uploads\/sites\/16\/2022\/10\/Anvandarmote-2-deltagare-221013-2048x1408.jpg 2048w\" sizes=\"(max-width: 640px) 100vw, 640px\" \/><\/a><figcaption id=\"caption-attachment-2923\" class=\"wp-caption-text\">Deltagare p\u00e5 Ambulansregistrets anv\u00e4ndarm\u00f6te 2022.<\/figcaption><\/figure>\n<h3>Varf\u00f6r ett kvalitetsregister? Erfarenheter av andra kvalitetsregister och AmbuReg hittills<\/h3>\n<p>F\u00f6rst ut p\u00e5 agendan var Johan Herlitz, som ut\u00f6ver att ing\u00e5 i AmbuRegs styrgrupp ocks\u00e5 varit engagerad i Svenska HLR (Hj\u00e4rt-lungr\u00e4ddning)-registret sedan dess begynnelse.<\/p>\n<p>Johan ber\u00e4ttade om erfarenheter av <abbr title=\"Hj\u00e4rt-lungr\u00e4ddning\">HLR<\/abbr>-registret och vilken nytta man haft av registret i ambulanssjukv\u00e5rden. Detta trots att ov\u00e4ntade hj\u00e4rtstopp utg\u00f6r knappt en procent av ambulanssjukv\u00e5rden.<\/p>\n<p>Totalt har 32 doktors- och registeravhandlingar publicerats sedan registrets start. De som f\u00f6rfattat avhandlingarna \u00e4r till professionerna 18 l\u00e4kare, 13 sjuksk\u00f6terskor och en socionom.<br \/>\nRegistret har ocks\u00e5 genererat \u00f6ver 200 publikationer i referensgranskade tidskrifter.<\/p>\n<p>En avhandling som Johan s\u00e4rskilt lyfte fram som intressant kopplat till ambulanssjukv\u00e5rden var <em>Sorgereaktionen hos anh\u00f6riga efter ett hj\u00e4rtstopp<\/em>. Professionen har ett stort ansvar att hj\u00e4lpa m\u00e4nniskor vid ett hj\u00e4rtstopp och den hj\u00e4lpen startar p\u00e5 insjuknandeplatsen.<\/p>\n<p>Vad har d\u00e5 registerforskning visat vid hj\u00e4rtstopp utanf\u00f6r sjukhus?<br \/>\nF\u00f6rst och fr\u00e4mst pekade Johan p\u00e5 de tv\u00e5 typer av faktorer som finns: ej \u00e5tg\u00e4rdbara och delvis \u00e5tg\u00e4rdbara. H\u00e4r ans\u00e5g Johan de delvis \u00e5tg\u00e4rdbara som mest sp\u00e4nnande f\u00f6r att se om de g\u00e5r att \u00e5tg\u00e4rda.<br \/>\nEj \u00e5tg\u00e4rdbara faktorer \u00e4r bland annat plats, socioekonomi, etnicitet, \u00e5lder och k\u00f6n.<br \/>\nDelvis \u00e5tg\u00e4rdbara faktorer \u00e4r bland annat responstid och f\u00f6rsta registrerade rytm. Responstiden har stor inverkan.<br \/>\nJohan ber\u00e4ttade ocks\u00e5 om behandlingsalternativ som \u00e4r viktiga att t\u00e4nka p\u00e5 och till vilken typ av liv patienterna r\u00e4ddas (n\u00e4r man sett \u00f6ver livskvaliteten har det kunnat konstateras att mer \u00e4n 90 % har acceptabel hj\u00e4rnfunktion).<\/p>\n<p>Olika saker man kommit fram till inom registret \u00e4r exempelvis f\u00f6ljande:<\/p>\n<ul>\n<li>Generellt s\u00e5 verkar de som \u00f6verlever hj\u00e4rtstopp utanf\u00f6r sjukhus m\u00e5 b\u00e4ttre \u00e4n de som \u00f6verlever hj\u00e4rtstopp p\u00e5 sjukhus. De som \u00f6verlever utanf\u00f6r \u00e4r generellt friskare och har inte samma samsjuklighet som de p\u00e5 sjukhus, som ju ligger p\u00e5 sjukhus f\u00f6r att de \u00e4r sjuka.<\/li>\n<li>Folk som ringt in redan n\u00e4r de b\u00f6rjat f\u00e5 symptom och sedan f\u00e5r hj\u00e4rtstopp inf\u00f6r \u00f6gonen p\u00e5 ambulanspersonal har inte en j\u00e4ttemycket b\u00e4ttre prognos, trots att personal allts\u00e5 redan finns p\u00e5 plats. Detta beror troligen p\u00e5 att det g\u00e4ller en redan sjuk grupp.<\/li>\n<li>Det finns inte n\u00e5got samband mellan kommunal befolkningst\u00e4thet och \u00f6verlevnad.<\/li>\n<li>Tidpunkten f\u00f6r hj\u00e4rtstopp har en l\u00e4tt \u00f6verrepresentation p\u00e5 morgontimmarna d\u00e5 man \u00e4r lite uppe i varv.<\/li>\n<li>Identifiering (troligen i AI-form) av patienter som saknar chans att \u00f6verleva jobbas p\u00e5 f\u00f6r att kunna f\u00e5 beslutsunderlag f\u00f6r att anv\u00e4nda p\u00e5 sjukhus, men i f\u00f6rl\u00e4ngningen \u00e4ven ute p\u00e5 plats f\u00f6r r\u00e5d och st\u00f6d till ambulanspersonalen.<\/li>\n<\/ul>\n<p>Vidare ber\u00e4ttade Johan om att det finns ett internationellt n\u00e4tverk\/samarbete. Sex l\u00e4nder i Europa har helt\u00e4ckande register (Sverige, Danmark, Norge, Irland, Portugal och Schweiz) och n\u00e5gon form av register finns i 70 % av l\u00e4nderna.<\/p>\n<p>Ut\u00f6ver att visa upp vad <abbr title=\"Hj\u00e4rt-lungr\u00e4ddning\">HLR<\/abbr>-registret bidragit till n\u00e4mnde Johan ocks\u00e5 vikten \u00f6verlag av att titta p\u00e5 vad andra register gjort och dra l\u00e4rdom av andras erfarenheter. Som exempel n\u00e4mndes en kollega som var involverad i diabetesregistret, ett register som Johan anser \u00e4r kanske det b\u00e4sta i klassen. Kollegan gav tidigt Johan och <abbr title=\"Hj\u00e4rt-lungr\u00e4ddning\">HLR<\/abbr>-registret tips om vad som borde finnas med i en \u00e5rsrapport, exempelvis vikten av att ha med ett stycke av vad registerforskningen visat.<\/p>\n<p>Efter genomg\u00e5ngen av de olika sakerna som <abbr title=\"Hj\u00e4rt-lungr\u00e4ddning\">HLR<\/abbr>-registret bidragit med s\u00e5 avslutade Johan sin dragning genom att po\u00e4ngtera: \u201dKan vi g\u00f6ra s\u00e5 mycket med ett register som t\u00e4cker en procent s\u00e5 t\u00e4nk vad som kan g\u00f6ras med ett register som t\u00e4cker s\u00e5 mycket som Ambulansregistret!\u201d<\/p>\n<figure id=\"attachment_2922\" aria-describedby=\"caption-attachment-2922\" style=\"width: 640px\" class=\"wp-caption aligncenter\"><a href=\"https:\/\/rcsyd.se\/ambureg\/wp-content\/uploads\/sites\/16\/2022\/10\/Anvandarmote-1-Johan-Herlitz-221013-scaled.jpg\"><img loading=\"lazy\" decoding=\"async\" class=\"wp-image-2922 size-large\" src=\"https:\/\/rcsyd.se\/ambureg\/wp-content\/uploads\/sites\/16\/2022\/10\/Anvandarmote-1-Johan-Herlitz-221013-1024x792.jpg\" alt=\"Johan Herlitz f\u00f6rel\u00e4ser om HJ\u00e4rt-lungr\u00e4ddningsregistret p\u00e5 Ambulansregistrets anv\u00e4ndardag 2022.\" width=\"640\" height=\"495\" srcset=\"https:\/\/rcsyd.se\/ambureg\/wp-content\/uploads\/sites\/16\/2022\/10\/Anvandarmote-1-Johan-Herlitz-221013-1024x792.jpg 1024w, https:\/\/rcsyd.se\/ambureg\/wp-content\/uploads\/sites\/16\/2022\/10\/Anvandarmote-1-Johan-Herlitz-221013-300x232.jpg 300w, https:\/\/rcsyd.se\/ambureg\/wp-content\/uploads\/sites\/16\/2022\/10\/Anvandarmote-1-Johan-Herlitz-221013-768x594.jpg 768w, https:\/\/rcsyd.se\/ambureg\/wp-content\/uploads\/sites\/16\/2022\/10\/Anvandarmote-1-Johan-Herlitz-221013-1536x1188.jpg 1536w, https:\/\/rcsyd.se\/ambureg\/wp-content\/uploads\/sites\/16\/2022\/10\/Anvandarmote-1-Johan-Herlitz-221013-2048x1585.jpg 2048w\" sizes=\"(max-width: 640px) 100vw, 640px\" \/><\/a><figcaption id=\"caption-attachment-2922\" class=\"wp-caption-text\">Johan Herlitz<\/figcaption><\/figure>\n<h3>Presentation av 2021 \u00e5rs data<\/h3>\n<p>Efter Johans inledning tog Glenn Larsson och H\u00e5kan Klementsson vid och gick igenom AmbuRegs datainsamling f\u00f6r 2021 och vad som kunde utl\u00e4sas i det som samlats in.<br \/>\nUt\u00f6ver att visa upp det insamlade s\u00e5 diskuterade hela salen \u00f6ppet \u00e4mnen som insamling med xml-fil (i takt med att registret f\u00e5r in mer data i xml-format s\u00e5 \u00f6kar ocks\u00e5 m\u00f6jligheterna f\u00f6r b\u00e4ttre redovisning), valideringsdataverktyg, kvalitetsindikatorer, fritext och anv\u00e4ndarm\u00f6tesfrekvens.<\/p>\n<p>Saker som diskuterades mer i detalj:<\/p>\n<ul>\n<li>I den insamlade registerdatan stack vissa regioner ut. I Kalmar, Blekinge, V\u00e4rmland och V\u00e4sternorrland verkar man exempelvis \u00e5ka mycket ambulans p\u00e5 prim\u00e4ruppdrag. Detta finns ingen f\u00f6rklaring till och det har sett n\u00e4stan likadant ut sedan data b\u00f6rjade samlas in.<\/li>\n<li>F\u00f6rb\u00e4ttring av insamlad data, Glenn: &#8221;Sedan vi b\u00f6rjade samla in har vi sett, inte minst p\u00e5 vitalparametrarna, en f\u00f6rb\u00e4ttring.&#8221;<\/li>\n<li>Sannolikt har fler patienter sm\u00e4rtskattats \u00e4n vad som kan visas med siffror. Det \u00e4r v\u00e4ldigt mycket fritext.<\/li>\n<li>Journalrepresentanternas \u00e5sikter om f\u00f6r\u00e4ndringar av fritext till fasta alternativ.<\/li>\n<li>F\u00f6rlag om att journalsystem b\u00f6r flagga f\u00f6r vad som b\u00f6r fyllas i.<\/li>\n<\/ul>\n<p>N\u00e5got som ocks\u00e5 diskuterades lite extra var g\u00e4llande registerkunskap rent allm\u00e4nt och marknadsf\u00f6ring. M\u00f6tesdeltagarna menade att regionerna nog skulle beh\u00f6va en repetition och mer r\u00e5d och tips, precis som man fick i b\u00f6rjan n\u00e4r data b\u00f6rjade samlas in. AmbuReg f\u00e5r g\u00e4rna komma ut oftare till verksamheterna och ber\u00e4tta mer om registret och m\u00f6jligheterna med det som samlas in. Teamsm\u00f6ten med j\u00e4mna mellanrum skulle ocks\u00e5 kunna anordnas d\u00e4r siffror g\u00e5s igenom. Glenn och H\u00e5kan h\u00f6ll med om att n\u00e4r nu uppbyggnad av registret skett s\u00e5 \u00e4r det nog n\u00e4sta steg, mer m\u00f6ten och d\u00e4r man ocks\u00e5 g\u00e5r in och tittar ihop med regioner p\u00e5 varf\u00f6r resultaten ser ut som de g\u00f6r.<br \/>\n&#8221;Vi f\u00e5r ha en digital turn\u00e9!&#8221; fastslog Glenn.<\/p>\n<p>Glenn undrade vidare hur det jobbas generellt ute i verksamheterna med att \u00f6ka k\u00e4nnedomen om AmbuRegs existens. Vet verksamheterna om att registret finns? Anv\u00e4nds datan? Trycks det p\u00e5 vikten av att registrera? Svaren p\u00e5 detta var blandade bland \u00e5h\u00f6rarna:<\/p>\n<ul>\n<li>Svar 1: &#8221;Nej, det marknadsf\u00f6rs inte.&#8221;<\/li>\n<li>Svar 2: &#8221;Vi har pratat en del om det och har med \u00e4mnet p\u00e5 arbetsplatstr\u00e4ffar med statistik. V\u00e5rt n\u00e4sta steg \u00e4r mer kontinuitet, statistik m\u00e5nadsvis s\u00e5 man ser skillnaderna snabbare.&#8221;<\/li>\n<li>Svar 3: &#8221;Vi m\u00e5ste redovisa mer f\u00f6r h\u00f6gsta regionledningen. Det efterfr\u00e5gas.&#8221;<\/li>\n<li>Svar 4: &#8221;Vi kanske inte pratar just AmbuReg, men vi pratar om parametrar som finns med, sm\u00e4rta till exempel. Medarbetarna hamnar i liknande diskussioner som vi har idag g\u00e4llande problemet med fritext.&#8221;<\/li>\n<\/ul>\n<p>Johan Herlitz framh\u00f6ll att livet \u00e4r kommunikation. Kan man f\u00f6r varje region i siffror ge vilken siffra som regionen n\u00e5dde f\u00f6r de h\u00e4r femton fr\u00e5gorna, och inte bara genom staplar, s\u00e5 blir informationen mer tillspetsad och pedagogisk. Detta ans\u00e5g \u00e5h\u00f6rarna vara en god id\u00e9. Det beh\u00f6vs l\u00e4ttare\/mer \u00f6versk\u00e5dliga\/tydliga siffror f\u00f6r att kunna redovisa vikten av det insamlade p\u00e5 olika niv\u00e5er i verksamheterna.<\/p>\n<p>Glenn och H\u00e5kan sammanfattade marknadsf\u00f6ringsdiskussionen med att trycka p\u00e5 att registret \u00e4r under uppbyggnad d\u00e4r vi alla kan f\u00f6rb\u00e4ttra hur vi vill ha det samt vikten av att vara noga med vad som samlas in: \u201dVi ska inte ha information som vi inte tydligt ser kommer patienterna till nytta.\u201d<\/p>\n<figure id=\"attachment_2924\" aria-describedby=\"caption-attachment-2924\" style=\"width: 640px\" class=\"wp-caption aligncenter\"><a href=\"https:\/\/rcsyd.se\/ambureg\/wp-content\/uploads\/sites\/16\/2022\/10\/Anvandarmote-3-Hakan-Klementsson-221013-scaled.jpg\"><img loading=\"lazy\" decoding=\"async\" class=\"wp-image-2924 size-large\" src=\"https:\/\/rcsyd.se\/ambureg\/wp-content\/uploads\/sites\/16\/2022\/10\/Anvandarmote-3-Hakan-Klementsson-221013-1024x788.jpg\" alt=\"H\u00e5kan Klementsson f\u00f6rel\u00e4ser om Ambulansregistrets t\u00e4ckningsgrad p\u00e5 Ambulansregistrets anv\u00e4ndardag 2022.\" width=\"640\" height=\"493\" srcset=\"https:\/\/rcsyd.se\/ambureg\/wp-content\/uploads\/sites\/16\/2022\/10\/Anvandarmote-3-Hakan-Klementsson-221013-1024x788.jpg 1024w, https:\/\/rcsyd.se\/ambureg\/wp-content\/uploads\/sites\/16\/2022\/10\/Anvandarmote-3-Hakan-Klementsson-221013-300x231.jpg 300w, https:\/\/rcsyd.se\/ambureg\/wp-content\/uploads\/sites\/16\/2022\/10\/Anvandarmote-3-Hakan-Klementsson-221013-768x591.jpg 768w, https:\/\/rcsyd.se\/ambureg\/wp-content\/uploads\/sites\/16\/2022\/10\/Anvandarmote-3-Hakan-Klementsson-221013-1536x1182.jpg 1536w, https:\/\/rcsyd.se\/ambureg\/wp-content\/uploads\/sites\/16\/2022\/10\/Anvandarmote-3-Hakan-Klementsson-221013-2048x1576.jpg 2048w\" sizes=\"(max-width: 640px) 100vw, 640px\" \/><\/a><figcaption id=\"caption-attachment-2924\" class=\"wp-caption-text\">H\u00e5kan Klementsson<\/figcaption><\/figure>\n<h3>Sammanst\u00e4llning 17 regioner xml<\/h3>\n<p>N\u00e4sta punkt p\u00e5 dagordningen var sammanst\u00e4llning av inf\u00e5ngad xml-data f\u00f6r 17 regioner. \u00c4ven h\u00e4r var formatet mer av ett \u00f6ppet diskussionsforum \u00e4n en rak f\u00f6rel\u00e4sning. Saker som diskuterades var bland annat prio larmcentral, specifik v\u00e5rdprocess\/snabbsp\u00e5r, h\u00e4mtplats, v\u00e5rd med transport till v\u00e5rdinr\u00e4ttning, samt v\u00e5rd p\u00e5 plats och konsultation.<\/p>\n<p>Generellt ans\u00e5gs att sorteringen m\u00e5ste ses \u00f6ver mer. Ska data med h\u00f6g kvalitet inkomma m\u00e5ste b\u00e4ttre sortering ske.<\/p>\n<p>Tv\u00e5 exempel p\u00e5 hur diskussionerna gick ges nedan g\u00e4llande h\u00e4mtplats och v\u00e5rd p\u00e5 plats och konsultation.<\/p>\n<h4>H\u00e4mtplats<\/h4>\n<p>\u00c5h\u00f6rare: &#8221;F\u00f6r de patienter som inte rapporteras med ambulans, d\u00e4r s\u00e4tter vi i regel inte n\u00e5gon h\u00e4mtplats alls. Det \u00e4r ungef\u00e4r 20\u201325 %, vilka d\u00e5 borde hamna som missing f\u00f6r oss..?&#8221;<br \/>\n\u00c5h\u00f6rare: &#8221;Begreppet &#8217;h\u00e4mtplats&#8217; utg\u00e5r fr\u00e5n att alla ska h\u00e4mtas. Det borde kanske \u00e4ndras till &#8217;bed\u00f6mningsplats&#8217;?&#8221;<br \/>\nGlenn: &#8221;Bra \u00e5sikter. Det f\u00e5r vi titta p\u00e5 nationellt vad det ska kallas och best\u00e4mma det.&#8221;<\/p>\n<h4>V\u00e5rd p\u00e5 plats och konsultation<\/h4>\n<p>Glenn: &#8221;Anv\u00e4nder man n\u00e5gon form av l\u00e4karkonsultationer? Bara ett f\u00e5tal har svarat h\u00e4r. \u00c4r det av vikt att ha kvar denna variabel? Vill ni veta n\u00e4r l\u00e4karna \u00e4r med p\u00e5 uppdragen?&#8221;<br \/>\n\u00c5h\u00f6rare: &#8221;Ja, f\u00f6r att kvalitetss\u00e4kra. En sk\u00f6terska eller barnmorska kan ju ocks\u00e5 svara, n\u00e5gon med h\u00f6gre kompetens \u00e4n en sj\u00e4lv.&#8221;<br \/>\nGlenn: &#8221;Vi har valt l\u00e4kare. Ska vi differentiera och fr\u00e5ga efter l\u00e4kare, sjuksk\u00f6terska eller annan?&#8221;<br \/>\n\u00c5h\u00f6rare: &#8221;Ja. Det \u00e4r oerh\u00f6rt viktigt att veta hur ofta ambulanssjukv\u00e5rden beh\u00f6ver hj\u00e4lp. Det \u00e4r ocks\u00e5 viktigt att kunna j\u00e4mf\u00f6ra med \u00f6vriga Sverige.&#8221;<br \/>\nGlenn: &#8221;SLAS (Sveriges Ledningsansvariga Ambulansl\u00e4kare i Samverkan) kan f\u00e5 ett uppdrag om vad vi egentligen ska samla in i den h\u00e4r funktionen.&#8221;<\/p>\n<figure id=\"attachment_2925\" aria-describedby=\"caption-attachment-2925\" style=\"width: 640px\" class=\"wp-caption aligncenter\"><a href=\"https:\/\/rcsyd.se\/ambureg\/wp-content\/uploads\/sites\/16\/2022\/10\/Anvandarmote-4-Glenn-Larsson-221013-scaled.jpg\"><img loading=\"lazy\" decoding=\"async\" class=\"wp-image-2925 size-large\" src=\"https:\/\/rcsyd.se\/ambureg\/wp-content\/uploads\/sites\/16\/2022\/10\/Anvandarmote-4-Glenn-Larsson-221013-1024x714.jpg\" alt=\"Glenn Larsson f\u00f6rel\u00e4ser om h\u00e4mtplatser f\u00f6r ambulanser p\u00e5 Ambulansregistrets anv\u00e4ndardag 2022.\" width=\"640\" height=\"446\" srcset=\"https:\/\/rcsyd.se\/ambureg\/wp-content\/uploads\/sites\/16\/2022\/10\/Anvandarmote-4-Glenn-Larsson-221013-1024x714.jpg 1024w, https:\/\/rcsyd.se\/ambureg\/wp-content\/uploads\/sites\/16\/2022\/10\/Anvandarmote-4-Glenn-Larsson-221013-300x209.jpg 300w, https:\/\/rcsyd.se\/ambureg\/wp-content\/uploads\/sites\/16\/2022\/10\/Anvandarmote-4-Glenn-Larsson-221013-768x536.jpg 768w, https:\/\/rcsyd.se\/ambureg\/wp-content\/uploads\/sites\/16\/2022\/10\/Anvandarmote-4-Glenn-Larsson-221013-1536x1071.jpg 1536w, https:\/\/rcsyd.se\/ambureg\/wp-content\/uploads\/sites\/16\/2022\/10\/Anvandarmote-4-Glenn-Larsson-221013-2048x1428.jpg 2048w\" sizes=\"(max-width: 640px) 100vw, 640px\" \/><\/a><figcaption id=\"caption-attachment-2925\" class=\"wp-caption-text\">Glenn Larsson<\/figcaption><\/figure>\n<h3>Traumaf\u00f6rekomst utifr\u00e5n AmbuReg och SweTrau (Svenska Traumaregistret)<\/h3>\n<p>Efter lunch inleddes eftermiddagspasset med att Glenn ber\u00e4ttade om den f\u00f6rsta vetenskapliga studien fr\u00e5n AmbuReg: <em>Trauma i svensk ambulanssjukv\u00e5rd \u2013 En \u00f6vergripande och f\u00f6rdjupad beskrivning av patienter drabbade av trauma<\/em>.<\/p>\n<p>Studien, som gjorts i samverkan med <abbr title=\"Svenska Traumaregistret\">SweTrau<\/abbr>, \u00e4r inte publicerad \u00e4nnu, men inneh\u00e5llet i materialet presenterades sammanfattat p\u00e5 anv\u00e4ndarm\u00f6tet.<\/p>\n<p>Bakgrunden till studien \u00e4r att det saknas en nationell, \u00f6vergripande registrering av f\u00f6rekomst av trauma som ger en samlad bild av de olika traumafallen. <abbr title=\"Svenska Traumaregistret\">SweTrau<\/abbr> tar de allvarliga skadorna och i socialstyrelsens patientregister finns vanlig sjukhusv\u00e5rd som v\u00e5rdtider, kontaktorsaker etcetera.<br \/>\nMot denna bakgrund har ambitionen fr\u00e5n AmbuReg varit att titta p\u00e5 fallen fr\u00e5n lindrigt till allvarligt trauma och matcha mot register f\u00f6r att beskriva patientgruppen.<\/p>\n<p>I den data fr\u00e5n 2019 som man tittat p\u00e5 f\u00f6r studien \u00e4r 14 % registrerade som skada\/trauma. Dessa registreringar har matchats med ambulansuppdraget f\u00f6r att se hur m\u00e5nga allvarligt skadade patienter som tas om hand av sjukv\u00e5rden. 4,3 % allvarligt skadade finns i <abbr title=\"Svenska Traumaregistret\">SweTrau<\/abbr>.<\/p>\n<p>Slutsatserna i studien var framf\u00f6r allt att<\/p>\n<ul>\n<li>traumapatienter var vanligt f\u00f6rekommande inom ambulanssjukv\u00e5rden<\/li>\n<li>en relativt liten andel traumapatienter var allvarligt skadade, fick betydande funktionsneds\u00e4ttningar eller avled (en m\u00f6jlig orsak kan vara triagering utifr\u00e5n skademekanism (ESS 38)<\/li>\n<li>vidare analyser av l\u00e5gprioriterade patienter beh\u00f6ver g\u00f6ras f\u00f6r att se betydelse f\u00f6r v\u00e5rdresultat.<\/li>\n<\/ul>\n<p>Annat som Glenn diskuterade utifr\u00e5n arbetet var bland annat skademekanismer och medianv\u00e5rdtid p\u00e5 sjukhus.<br \/>\nLite extra tryckte Glenn ocks\u00e5 p\u00e5 sv\u00e5righeten med att komma \u00e5t viss data till denna typ av studie med tanke p\u00e5 GDPR (The General Data Protection Regulation\/dataskyddsf\u00f6rordningen) med mera.<\/p>\n<p>Avslutningsvis utbrast en av salens \u00e5h\u00f6rare: &#8221;Ni ser, man kan anv\u00e4nda AmbuReg till j\u00e4ttemycket!&#8221;<\/p>\n<figure id=\"attachment_2934\" aria-describedby=\"caption-attachment-2934\" style=\"width: 640px\" class=\"wp-caption aligncenter\"><a href=\"https:\/\/rcsyd.se\/ambureg\/wp-content\/uploads\/sites\/16\/2022\/10\/Anvandarmote-7Glenn-Larsson-221013-scaled.jpg\"><img loading=\"lazy\" decoding=\"async\" class=\"wp-image-2934 size-large\" src=\"https:\/\/rcsyd.se\/ambureg\/wp-content\/uploads\/sites\/16\/2022\/10\/Anvandarmote-7Glenn-Larsson-221013-1024x703.jpg\" alt=\"Glenn Larsson f\u00f6rel\u00e4ser om skademekanismer i Svenska Traumaregistret.\" width=\"640\" height=\"439\" srcset=\"https:\/\/rcsyd.se\/ambureg\/wp-content\/uploads\/sites\/16\/2022\/10\/Anvandarmote-7Glenn-Larsson-221013-1024x703.jpg 1024w, https:\/\/rcsyd.se\/ambureg\/wp-content\/uploads\/sites\/16\/2022\/10\/Anvandarmote-7Glenn-Larsson-221013-300x206.jpg 300w, https:\/\/rcsyd.se\/ambureg\/wp-content\/uploads\/sites\/16\/2022\/10\/Anvandarmote-7Glenn-Larsson-221013-768x527.jpg 768w, https:\/\/rcsyd.se\/ambureg\/wp-content\/uploads\/sites\/16\/2022\/10\/Anvandarmote-7Glenn-Larsson-221013-1536x1054.jpg 1536w, https:\/\/rcsyd.se\/ambureg\/wp-content\/uploads\/sites\/16\/2022\/10\/Anvandarmote-7Glenn-Larsson-221013-2048x1405.jpg 2048w\" sizes=\"(max-width: 640px) 100vw, 640px\" \/><\/a><figcaption id=\"caption-attachment-2934\" class=\"wp-caption-text\">Glenn Larsson: \u201dKanske ska vi i AmbuReg anv\u00e4nda oss av liknande skademekanismklassificeringar?\u201d<\/figcaption><\/figure>\n<h3>Referensgruppen \u2013 vad har man kommit fram till hittills och hur g\u00e5r vi vidare?<\/h3>\n<p>P\u00e5 det f\u00f6rra anv\u00e4ndarm\u00f6tet f\u00f6r AmbuReg stod det klart att m\u00e5nga saker beh\u00f6vde jobbas p\u00e5 f\u00f6r samsyn \u00e4ven utanf\u00f6r anv\u00e4ndarm\u00f6tet. F\u00f6r att kunna jobba vidare p\u00e5 b\u00e4sta s\u00e4tt kom p\u00e5 f\u00f6rslag att bilda en referensgrupp\/arbetsgrupp d\u00e4r n\u00e5gra av anv\u00e4ndarna ingick.<\/p>\n<p>Under v\u00e5ren 2022 har referensgruppen tr\u00e4ffats och tittat p\u00e5 bland annat xml-rapporter, variabler, definitioner och v\u00e4rden man vill ha in. Man har ocks\u00e5 sett \u00f6ver s\u00e5 att allt \u00e4r kompatibelt mot Flisa (F\u00f6reningen f\u00f6r Ledningsansvariga Inom Svensk Ambulanssjukv\u00e5rd) och SLA (Svensk Luftambulans).<\/p>\n<p>Utifr\u00e5n arbetet som gjorts har ett antal f\u00f6rslag tagits fram som diskuterades under \u00e5rets anv\u00e4ndarm\u00f6te. F\u00f6rslagen ledde under m\u00f6tet till att man inom vissa omr\u00e5den kunde fatta beslut medan det inom andra omr\u00e5den gavs i uppdrag till referensgruppen att utreda vidare.<\/p>\n<p>N\u00e5gra exempel p\u00e5 det som diskuterades:<\/p>\n<ul>\n<li><strong>Ska vi inkludera sekund\u00e4ruppdrag i registret f\u00f6r att veta totala antalet uppdrag i relation till prim\u00e4ruppdrag?<br \/>\n<\/strong>H\u00e4r presenterade Joakim Lundin exempel p\u00e5 hur man 2017 inom Region \u00d6sterg\u00f6tland anpassat journalsystemet och uppdragstyper f\u00f6r att passa Flisa-standard. Innan dess fanns ingen tydlig uppdelning mellan olika kategorier. Mycket utbildning kr\u00e4vdes d\u00e5 och nu n\u00e4r det g\u00e5tt n\u00e5gra \u00e5r s\u00e5 p\u00e5b\u00f6rjas repetition snart igen.<br \/>\nDiskussionerna h\u00e4r handlade om exempelvis definitioner och tolkningar av vad som \u00e4r prim\u00e4r- och vad som \u00e4r sekund\u00e4ruppdrag och att felk\u00e4llor ofta \u00e4r att man trycker fel, inte att alternativen \u00e4r fel. G\u00e4llande det grundl\u00e4ggande \u00e4r alla \u00f6verens, det \u00e4r snarare lokala grenar l\u00e4ngre ner som kan bli lite olika.<br \/>\n<strong>Beslut:<\/strong> Ja, sekund\u00e4ruppdrag ska inkluderas i registret fr\u00e5n och med n\u00e4sta inskick.<\/li>\n<\/ul>\n<figure id=\"attachment_2929\" aria-describedby=\"caption-attachment-2929\" style=\"width: 640px\" class=\"wp-caption aligncenter\"><a href=\"https:\/\/rcsyd.se\/ambureg\/wp-content\/uploads\/sites\/16\/2022\/10\/Anvandarmote-6-Joakim-Lundin-221013-1-scaled.jpg\"><img loading=\"lazy\" decoding=\"async\" class=\"wp-image-2929 size-large\" src=\"https:\/\/rcsyd.se\/ambureg\/wp-content\/uploads\/sites\/16\/2022\/10\/Anvandarmote-6-Joakim-Lundin-221013-1-1024x676.jpg\" alt=\"Joakim Lundin f\u00f6rel\u00e4ser om prim\u00e4ruppdrag inom Region \u00d6sterg\u00f6tland p\u00e5 Ambulansregistrets anv\u00e4dardag 2022.\" width=\"640\" height=\"423\" srcset=\"https:\/\/rcsyd.se\/ambureg\/wp-content\/uploads\/sites\/16\/2022\/10\/Anvandarmote-6-Joakim-Lundin-221013-1-1024x676.jpg 1024w, https:\/\/rcsyd.se\/ambureg\/wp-content\/uploads\/sites\/16\/2022\/10\/Anvandarmote-6-Joakim-Lundin-221013-1-300x198.jpg 300w, https:\/\/rcsyd.se\/ambureg\/wp-content\/uploads\/sites\/16\/2022\/10\/Anvandarmote-6-Joakim-Lundin-221013-1-768x507.jpg 768w, https:\/\/rcsyd.se\/ambureg\/wp-content\/uploads\/sites\/16\/2022\/10\/Anvandarmote-6-Joakim-Lundin-221013-1-1536x1014.jpg 1536w, https:\/\/rcsyd.se\/ambureg\/wp-content\/uploads\/sites\/16\/2022\/10\/Anvandarmote-6-Joakim-Lundin-221013-1-2048x1352.jpg 2048w\" sizes=\"(max-width: 640px) 100vw, 640px\" \/><\/a><figcaption id=\"caption-attachment-2929\" class=\"wp-caption-text\">Joakim Lundin: \u201dDet \u00e4r en balansg\u00e5ng hur m\u00e5nga uppdragstyper vi ska ha, det \u00e4r en sv\u00e5righet i att v\u00e4lja r\u00e4tt.&#8221;<\/figcaption><\/figure>\n<ul>\n<li><strong>Typ av h\u00e4mtplats: F\u00f6rslaget \u00e4r att att ut\u00f6ka fr\u00e5n fyra (bostad, sjukhus, v\u00e5rdcentral, \u00f6vrigt) till flera. Men vilka?<\/strong><br \/>\nSocialstyrelsen har 0\u20139 f\u00f6r kategorin &#8221;h\u00e4mtplats&#8221;. Salen var dock delad till att anv\u00e4nda alla dessa, bara vissa ans\u00e5gs aktuella.<br \/>\n<strong>Beslut:<\/strong> Referensgruppen arbetar vidare med att korta ner\/anpassa Socialstyrelsens lista. Begreppet &#8221;h\u00e4mtplats&#8221; ska ocks\u00e5 utredas och \u00e4ndras till n\u00e5got i stil med &#8221;bed\u00f6mningsplats&#8221;.<\/li>\n<li><strong>Kan vi \u00e4ndra definitionen &#8221;sm\u00e4rta vid f\u00f6rsta bed\u00f6mning&#8221; till &#8221;sm\u00e4rta vid initial bed\u00f6mning&#8221; enligt <abbr title=\"Sveriges Ledningsansvariga Ambulansl\u00e4kare i Samverkan\">SLAS<\/abbr> Sm\u00e4rta avl\u00e4mning?<\/strong><br \/>\n<strong>Beslut:<\/strong> Ja, ingen mots\u00e4tter sig f\u00f6rslaget.<\/li>\n<li><strong>Idag st\u00e5r det \u201dPatienten fick avsn\u00f6rande f\u00f6rband (torniquet)\/tryckf\u00f6rband\/annat f\u00f6rband vid v\u00e5rdtillf\u00e4llet (ja\/nej)\u201d. Kan vi \u00e4ndra till &#8221;Stoppa livshotande bl\u00f6dning&#8221;?<\/strong><br \/>\nDiskussionen i rummet handlade fr\u00e4mst om att det \u00e4r sv\u00e5rt att definiera begreppet &#8221;livshotande&#8221;.<br \/>\n<strong>Beslut:<\/strong> \u00c4ndra till endast &#8221;Avsn\u00f6rande f\u00f6rband (ja\/nej)&#8221;.<\/li>\n<\/ul>\n<p>F\u00f6r att l\u00e4sa mer om det som beslutades h\u00e4nvisas till styrgruppens minnesanteckningar fr\u00e5n dagen.<br \/>\n<a href=\"https:\/\/rcsyd.se\/ambureg\/wp-content\/uploads\/sites\/16\/2022\/10\/Minnesanteckningar-anvandardag-AmbuReg-221013.pdf\" target=\"_blank\" rel=\"noopener\">Klicka h\u00e4r f\u00f6r att komma till minnesanteckningarna<\/a> (PDF-format, 130 kB).<\/p>\n<p>Sammanfattningsvis h\u00f6lls p\u00e5 denna programpunkt m\u00e5nga konstruktiva diskussioner med ett stort antal infallsvinklar som ledde arbetet och samsynen fram\u00e5t.<\/p>\n<figure id=\"attachment_2920\" aria-describedby=\"caption-attachment-2920\" style=\"width: 640px\" class=\"wp-caption aligncenter\"><a href=\"https:\/\/rcsyd.se\/ambureg\/wp-content\/uploads\/sites\/16\/2022\/10\/Anvandarmote-5-Hakan-Klementsson-221013-scaled.jpg\"><img loading=\"lazy\" decoding=\"async\" class=\"wp-image-2920 size-large\" src=\"https:\/\/rcsyd.se\/ambureg\/wp-content\/uploads\/sites\/16\/2022\/10\/Anvandarmote-5-Hakan-Klementsson-221013-1024x576.jpg\" alt=\"H\u00e5kan Klementsson diskuterar f\u00f6rslag fr\u00e5n Ambulansregistrets referensgrupp p\u00e5 Ambulansregistrets anv\u00e4ndardag 2022.\" width=\"640\" height=\"360\" srcset=\"https:\/\/rcsyd.se\/ambureg\/wp-content\/uploads\/sites\/16\/2022\/10\/Anvandarmote-5-Hakan-Klementsson-221013-1024x576.jpg 1024w, https:\/\/rcsyd.se\/ambureg\/wp-content\/uploads\/sites\/16\/2022\/10\/Anvandarmote-5-Hakan-Klementsson-221013-300x169.jpg 300w, https:\/\/rcsyd.se\/ambureg\/wp-content\/uploads\/sites\/16\/2022\/10\/Anvandarmote-5-Hakan-Klementsson-221013-768x432.jpg 768w, https:\/\/rcsyd.se\/ambureg\/wp-content\/uploads\/sites\/16\/2022\/10\/Anvandarmote-5-Hakan-Klementsson-221013-1536x864.jpg 1536w, https:\/\/rcsyd.se\/ambureg\/wp-content\/uploads\/sites\/16\/2022\/10\/Anvandarmote-5-Hakan-Klementsson-221013-2048x1152.jpg 2048w\" sizes=\"(max-width: 640px) 100vw, 640px\" \/><\/a><figcaption id=\"caption-attachment-2920\" class=\"wp-caption-text\">H\u00e5kan Klementsson och AmbuRegs logotyp.<\/figcaption><\/figure>\n<h3>Avslutning och utv\u00e4rdering samt information inf\u00f6r n\u00e4sta \u00e5rs datainsamling (data f\u00f6r 2022)<\/h3>\n<p>Under dagens sista punkt sammanfattade styrgruppen dagen, fr\u00e5gade de journalleverant\u00f6rer som deltagit p\u00e5 m\u00f6tet hur de upplevt att ta del av informationen samt ber\u00e4ttade om planerna fram\u00f6ver.<\/p>\n<ul>\n<li>Journalleverant\u00f6rsinput 1: &#8221;Det \u00e4r viktigt f\u00f6r oss att f\u00f6rst\u00e5 vilka uppgifter som ska komma till registret och att hela Sverige ska prata om samma sak s\u00e5 det inte blir f\u00f6r mycket egenp\u00e5hittade termer.&#8221;<\/li>\n<li>Journalleverant\u00f6rsinput 2: &#8221;M\u00e5nga intressanta diskussioner. Vi har f\u00e5tt m\u00e5nga uppslag som vi kan jobba vidare med efter dagens m\u00f6te.&#8221;<\/li>\n<\/ul>\n<p>Planerna fram\u00f6ver f\u00f6r AmbuReg \u00e4r i korthet att n\u00e4sta \u00e5rs data samlas in under mars, april och maj 2023 och att det inf\u00f6r insamlingen kommer att h\u00e5llas ett informationsm\u00f6te.<\/p>\n<h3>Kommentar fr\u00e5n en av deltagarna<\/h3>\n<p><strong>Annika \u00c5str\u00f6m Victor\u00e9n, ordf\u00f6rande <abbr title=\"Sveriges Ledningsansvariga Ambulansl\u00e4kare i Samverkan\">SLAS<\/abbr> och \u00f6verl\u00e4kare Ambulanssjukv\u00e5rden Region J\u00f6nk\u00f6pings l\u00e4n, hur upplevde du dagen och vilka intryck tar du fr\u00e4mst med dig?<\/strong><br \/>\n\u2013 Mycket bra och informativ dag! Jag tar med mig att alla Sveriges 21 regioner rapporterar, men att vi alla har en heml\u00e4xa att g\u00f6ra f\u00f6r att s\u00e4kerst\u00e4lla att vi dokumenterar och rapporterar data p\u00e5 ett likv\u00e4rdigt och korrekt s\u00e4tt.<\/p>\n<p><strong>Hur hj\u00e4lper denna typ av registerm\u00f6ten dig i ditt arbete?<\/strong><br \/>\n\u2013 Inom <abbr title=\"Sveriges Ledningsansvariga Ambulansl\u00e4kare i Samverkan\">SLAS<\/abbr> b\u00f6r vi fram\u00f6ver arbeta med kvalitetsindikatorer, vilket var en insikt vid m\u00f6tet.<\/p>\n<h3>Program<\/h3>\n<p><a href=\"https:\/\/rcsyd.se\/ambureg\/wp-content\/uploads\/sites\/16\/2022\/06\/Program-for-AmbuRegs-anvandarmote-221013.pdf\" target=\"_blank\" rel=\"noopener\">Klicka h\u00e4r f\u00f6r att ladda ned dagens program<\/a> (PDF-format, 242 kB).<\/p>\n<h3>L\u00e4nkar<\/h3>\n<p><a href=\"https:\/\/shlr.registercentrum.se\/\" target=\"_blank\" rel=\"noopener\">Svenska Hj\u00e4rt-lungr\u00e4ddningsregistret<\/a><\/p>\n<p><a href=\"https:\/\/rcsyd.se\/swetrau\/\" target=\"_blank\" rel=\"noopener\">Svenska Traumaregistret<\/a><\/p>\n","protected":false},"excerpt":{"rendered":"<p>&nbsp; Den 13 oktober h\u00f6lls \u00e5rets anv\u00e4ndarm\u00f6te f\u00f6r AmbuReg (Ambulansregistret). M\u00f6tet \u00e4gde rum i G\u00f6teborg och samlade 30-talet deltagare. \u00c4mnen p\u00e5 agendan var bland annat Erfarenheter av andra kvalitetsregister och Presentation av 2021 \u00e5rs data. P\u00e5 Lindholmen Science Park i G\u00f6teborg samlades torsdagen den 13 oktober cirka 30 deltagare plus representanter f\u00f6r AmbuReg f\u00f6r \u00e5rets&#8230; <a class=\"read-more\" href=\"https:\/\/rcsyd.se\/ambureg\/blog\/nyheter\/rapport-fran-arets-anvandarmote\">L\u00e4s mer<\/a><\/p>\n","protected":false},"author":3,"featured_media":0,"comment_status":"open","ping_status":"open","sticky":false,"template":"","format":"standard","meta":{"_acf_changed":false,"footnotes":""},"categories":[1],"tags":[],"acf":[],"_links":{"self":[{"href":"https:\/\/rcsyd.se\/ambureg\/wp-json\/wp\/v2\/posts\/2918"}],"collection":[{"href":"https:\/\/rcsyd.se\/ambureg\/wp-json\/wp\/v2\/posts"}],"about":[{"href":"https:\/\/rcsyd.se\/ambureg\/wp-json\/wp\/v2\/types\/post"}],"author":[{"embeddable":true,"href":"https:\/\/rcsyd.se\/ambureg\/wp-json\/wp\/v2\/users\/3"}],"replies":[{"embeddable":true,"href":"https:\/\/rcsyd.se\/ambureg\/wp-json\/wp\/v2\/comments?post=2918"}],"version-history":[{"count":35,"href":"https:\/\/rcsyd.se\/ambureg\/wp-json\/wp\/v2\/posts\/2918\/revisions"}],"predecessor-version":[{"id":3492,"href":"https:\/\/rcsyd.se\/ambureg\/wp-json\/wp\/v2\/posts\/2918\/revisions\/3492"}],"wp:attachment":[{"href":"https:\/\/rcsyd.se\/ambureg\/wp-json\/wp\/v2\/media?parent=2918"}],"wp:term":[{"taxonomy":"category","embeddable":true,"href":"https:\/\/rcsyd.se\/ambureg\/wp-json\/wp\/v2\/categories?post=2918"},{"taxonomy":"post_tag","embeddable":true,"href":"https:\/\/rcsyd.se\/ambureg\/wp-json\/wp\/v2\/tags?post=2918"}],"curies":[{"name":"wp","href":"https:\/\/api.w.org\/{rel}","templated":true}]}}