{"id":2860,"date":"2021-12-07T09:21:27","date_gmt":"2021-12-07T09:21:27","guid":{"rendered":"https:\/\/rcsyd.se\/ambureg\/?p=2860"},"modified":"2021-12-07T09:21:27","modified_gmt":"2021-12-07T09:21:27","slug":"artiklar-i-lakartidningen-om-den-prehospitala-akutsjukvardens-utmaningar","status":"publish","type":"post","link":"https:\/\/rcsyd.se\/ambureg\/blog\/nyheter\/artiklar-i-lakartidningen-om-den-prehospitala-akutsjukvardens-utmaningar","title":{"rendered":"Artiklar i L\u00e4kartidningen om den prehospitala akutsjukv\u00e5rdens utmaningar"},"content":{"rendered":"<p>&nbsp;<\/p>\n<p><strong>I L\u00e4kartidningen publicerades nyligen tv\u00e5 artiklar om den prehospitala akutsjukv\u00e5rdens utmaningar. I artiklarna medverkar bland annat tre av Ambulansregistrets styrgruppsmedlemmar.<\/strong><\/p>\n<p>Ambulansregistrets styrgruppsmedlemmar Johan Herlitz, Glenn Larsson och Christer Axelsson medverkade nyligen i tv\u00e5 artiklar i L\u00e4kartidningen. Den f\u00f6rsta artikeln \u00e4r den l\u00e4ngre, huvudsakliga av de tv\u00e5 medan den andra \u00e4r en f\u00f6rfattarintervju med kortare fr\u00e5gor till Johan Herlitz om bakgrunden till den f\u00f6rsta artikeln.<\/p>\n<p>Huvudbudskapet i den huvudsakliga artikeln \u00e4r f\u00f6ljande:<\/p>\n<blockquote><p>&#8221;Den prehospitala akutsjukv\u00e5rden har stora utmaningar. Genom introduktionen av v\u00e5rd p\u00e5 r\u00e4tt v\u00e5rdniv\u00e5 har patients\u00e4kerheten hamnat i fokus. Behovet av beslutsst\u00f6d \u00e4r stort. Ett kvalitetsregister f\u00f6r den prehospitala akutsjukv\u00e5rden har introducerats.&#8221;<\/p><\/blockquote>\n<h3>L\u00e4nkar till artiklarna<\/h3>\n<p><a href=\"https:\/\/lakartidningen.se\/klinik-och-vetenskap-1\/artiklar-1\/klinisk-oversikt\/2021\/11\/den-prehospitala-akutsjukvarden-i-sverige-har-stora-utmaningar\/\" target=\"_blank\" rel=\"noopener\">Klicka h\u00e4r f\u00f6r att komma till den huvudsakliga artikeln om den prehospitala v\u00e5rdens utmaningar<\/a>.<\/p>\n<p><a href=\"https:\/\/lakartidningen.se\/klinik-och-vetenskap-1\/forfattarintervjun\/2021\/11\/4-fragor-till-johan-herlitz\/\" target=\"_blank\" rel=\"noopener\">Klicka h\u00e4r f\u00f6r att komma till f\u00f6rfattarintervjun med Johan Herlitz<\/a>.<\/p>\n","protected":false},"excerpt":{"rendered":"<p>&nbsp; I L\u00e4kartidningen publicerades nyligen tv\u00e5 artiklar om den prehospitala akutsjukv\u00e5rdens utmaningar. I artiklarna medverkar bland annat tre av Ambulansregistrets styrgruppsmedlemmar. Ambulansregistrets styrgruppsmedlemmar Johan Herlitz, Glenn Larsson och Christer Axelsson medverkade nyligen i tv\u00e5 artiklar i L\u00e4kartidningen. Den f\u00f6rsta artikeln \u00e4r den l\u00e4ngre, huvudsakliga av de tv\u00e5 medan den andra \u00e4r en f\u00f6rfattarintervju med kortare&#8230; <a class=\"read-more\" href=\"https:\/\/rcsyd.se\/ambureg\/blog\/nyheter\/artiklar-i-lakartidningen-om-den-prehospitala-akutsjukvardens-utmaningar\">L\u00e4s mer<\/a><\/p>\n","protected":false},"author":3,"featured_media":0,"comment_status":"open","ping_status":"open","sticky":false,"template":"","format":"standard","meta":{"_acf_changed":false,"footnotes":""},"categories":[1],"tags":[],"acf":[],"_links":{"self":[{"href":"https:\/\/rcsyd.se\/ambureg\/wp-json\/wp\/v2\/posts\/2860"}],"collection":[{"href":"https:\/\/rcsyd.se\/ambureg\/wp-json\/wp\/v2\/posts"}],"about":[{"href":"https:\/\/rcsyd.se\/ambureg\/wp-json\/wp\/v2\/types\/post"}],"author":[{"embeddable":true,"href":"https:\/\/rcsyd.se\/ambureg\/wp-json\/wp\/v2\/users\/3"}],"replies":[{"embeddable":true,"href":"https:\/\/rcsyd.se\/ambureg\/wp-json\/wp\/v2\/comments?post=2860"}],"version-history":[{"count":2,"href":"https:\/\/rcsyd.se\/ambureg\/wp-json\/wp\/v2\/posts\/2860\/revisions"}],"predecessor-version":[{"id":2862,"href":"https:\/\/rcsyd.se\/ambureg\/wp-json\/wp\/v2\/posts\/2860\/revisions\/2862"}],"wp:attachment":[{"href":"https:\/\/rcsyd.se\/ambureg\/wp-json\/wp\/v2\/media?parent=2860"}],"wp:term":[{"taxonomy":"category","embeddable":true,"href":"https:\/\/rcsyd.se\/ambureg\/wp-json\/wp\/v2\/categories?post=2860"},{"taxonomy":"post_tag","embeddable":true,"href":"https:\/\/rcsyd.se\/ambureg\/wp-json\/wp\/v2\/tags?post=2860"}],"curies":[{"name":"wp","href":"https:\/\/api.w.org\/{rel}","templated":true}]}}