{"id":2735,"date":"2021-08-12T08:33:39","date_gmt":"2021-08-12T08:33:39","guid":{"rendered":"https:\/\/rcsyd.se\/ambureg\/?p=2735"},"modified":"2021-08-12T08:33:39","modified_gmt":"2021-08-12T08:33:39","slug":"ny-hemsida-for-ambulansregistret-2","status":"publish","type":"post","link":"https:\/\/rcsyd.se\/ambureg\/blog\/nyheter\/ny-hemsida-for-ambulansregistret-2","title":{"rendered":"Ny hemsida f\u00f6r Ambulansregistret"},"content":{"rendered":"<p>&nbsp;<\/p>\n<p><strong>Under v\u00e5ren 2021 har Nationellt register f\u00f6r ambulanssjukv\u00e5rd byggt sin f\u00f6rsta egna hemsida. Hemsidans utveckling har ocks\u00e5 skett i enlighet med det webbdirektiv om tillg\u00e4nglighet som antogs nationellt 2018.<\/strong><\/p>\n<p>Under v\u00e5ren 2021 har Nationellt register f\u00f6r ambulanssjukv\u00e5rd, \u00e4ven kallat Ambulansregistret och AmbuReg, med st\u00f6d av Registercentrum Syd byggt upp en ny hemsida (den hemsida du nu befinner dig p\u00e5) inom Registercentrum Syds hemsidesparaply. D\u00e5 registret \u00e4r relativt nystartat har man tidigare inte haft n\u00e5gon hemsida utan s\u00e5 l\u00e4nge haft en informationsflik p\u00e5 Registercentrum Syds hemsida. Den nya hemsidan \u00e4r d\u00e4rmed den allra f\u00f6rsta f\u00f6r AmbuReg.<\/p>\n<p>Hemsidan har ocks\u00e5 utarbetats f\u00f6r att kunna f\u00f6lja det webbdirektiv om tillg\u00e4nglighet p\u00e5 hemsidor som antogs 2018 och b\u00f6rjade g\u00e4lla fr\u00e5n september 2020. P\u00e5 den nya hemsidan fungerar gr\u00e4nssnittet v\u00e4l i olika sk\u00e4rmbredder och HTML (HyperText Markup Language)-koden utg\u00e5r fr\u00e5n en standard. Vidare har strukturen g\u00e5tts igenom s\u00e5 att korrekt rubrikhierarki anv\u00e4nds, f\u00f6rkortningar \u00e4r utskrivna\/har en f\u00f6rklarande popuptext samt att bilder har en alt-text, det vill s\u00e4ga en dold text som g\u00e5r att f\u00e5 uppl\u00e4st som f\u00f6rklarar bildens motiv.<\/p>\n<p>Vi inom AmbuReg \u00e4r glada \u00f6ver att kunna presentera v\u00e5r nya hemsida och hoppas att ni som bes\u00f6kare ska finna den informativ.<\/p>\n<p><a href=\"https:\/\/rcsyd.se\/ambureg\/om-ambureg\/webbplatsens-tillganglighet\">Klicka h\u00e4r f\u00f6r att l\u00e4sa mer om webbdirektivet p\u00e5 AmbuRegs webbplats<\/a>.<\/p>\n<p><a href=\"https:\/\/webbriktlinjer.se\/lagkrav\/webbdirektivet\/\" target=\"_blank\" rel=\"noopener\">Klicka h\u00e4r f\u00f6r att l\u00e4sa mer om webbdirektivet p\u00e5 www.webbriktlinjer.se<\/a>.<\/p>\n","protected":false},"excerpt":{"rendered":"<p>&nbsp; Under v\u00e5ren 2021 har Nationellt register f\u00f6r ambulanssjukv\u00e5rd byggt sin f\u00f6rsta egna hemsida. Hemsidans utveckling har ocks\u00e5 skett i enlighet med det webbdirektiv om tillg\u00e4nglighet som antogs nationellt 2018. Under v\u00e5ren 2021 har Nationellt register f\u00f6r ambulanssjukv\u00e5rd, \u00e4ven kallat Ambulansregistret och AmbuReg, med st\u00f6d av Registercentrum Syd byggt upp en ny hemsida (den hemsida&#8230; <a class=\"read-more\" href=\"https:\/\/rcsyd.se\/ambureg\/blog\/nyheter\/ny-hemsida-for-ambulansregistret-2\">L\u00e4s mer<\/a><\/p>\n","protected":false},"author":3,"featured_media":0,"comment_status":"open","ping_status":"open","sticky":false,"template":"","format":"standard","meta":{"_acf_changed":false,"footnotes":""},"categories":[1],"tags":[],"acf":[],"_links":{"self":[{"href":"https:\/\/rcsyd.se\/ambureg\/wp-json\/wp\/v2\/posts\/2735"}],"collection":[{"href":"https:\/\/rcsyd.se\/ambureg\/wp-json\/wp\/v2\/posts"}],"about":[{"href":"https:\/\/rcsyd.se\/ambureg\/wp-json\/wp\/v2\/types\/post"}],"author":[{"embeddable":true,"href":"https:\/\/rcsyd.se\/ambureg\/wp-json\/wp\/v2\/users\/3"}],"replies":[{"embeddable":true,"href":"https:\/\/rcsyd.se\/ambureg\/wp-json\/wp\/v2\/comments?post=2735"}],"version-history":[{"count":2,"href":"https:\/\/rcsyd.se\/ambureg\/wp-json\/wp\/v2\/posts\/2735\/revisions"}],"predecessor-version":[{"id":2737,"href":"https:\/\/rcsyd.se\/ambureg\/wp-json\/wp\/v2\/posts\/2735\/revisions\/2737"}],"wp:attachment":[{"href":"https:\/\/rcsyd.se\/ambureg\/wp-json\/wp\/v2\/media?parent=2735"}],"wp:term":[{"taxonomy":"category","embeddable":true,"href":"https:\/\/rcsyd.se\/ambureg\/wp-json\/wp\/v2\/categories?post=2735"},{"taxonomy":"post_tag","embeddable":true,"href":"https:\/\/rcsyd.se\/ambureg\/wp-json\/wp\/v2\/tags?post=2735"}],"curies":[{"name":"wp","href":"https:\/\/api.w.org\/{rel}","templated":true}]}}